{"id":11253,"date":"2025-01-27T22:45:32","date_gmt":"2025-01-27T21:45:32","guid":{"rendered":"https:\/\/pasaenmendoza.com\/?p=11253"},"modified":"2025-01-27T22:45:33","modified_gmt":"2025-01-27T21:45:33","slug":"el-fiscal-carlos-torres-busca-a-los-instigadores-de-los-disturbios-contra-la-mineria-en-uspallata","status":"publish","type":"post","link":"https:\/\/pasaenmendoza.com\/?p=11253","title":{"rendered":"El fiscal Carlos Torres busca a los instigadores de los disturbios contra la miner\u00eda en Uspallata"},"content":{"rendered":"\n<p>Los disturbios contra la\u00a0<strong>miner\u00eda\u00a0<\/strong>que se desataron el viernes en\u00a0<strong>Uspallata<\/strong>, al momento de la inauguraci\u00f3n de una sede de la C\u00e1mara de Proveedores\u00a0<strong>Mineros<\/strong>, terminaron con dos personas detenidas que fueron imputadas, seg\u00fan anunci\u00f3 el\u00a0<strong>fiscal\u00a0<\/strong>Carlos Torres. Y buscan a los instigadores de la violencia ya que sospechan que el ataque estaba planificado.<\/p>\n\n\n\n<p>Por los incidentes y el uso de bombas del tipo molotov en la protesta contra la inauguraci\u00f3n del local hay dos detenidos imputados, ambos vecinos de&nbsp;<strong>Uspallata<\/strong>. Uno es empleado de una gomer\u00eda ubicada en la Ruta 7, se llama Miguel Pablo Gonzales y tiene un alias: El Mostro.<\/p>\n\n\n\n<p>El segundo detenido es empleado, Marcelo Correa Molina, y de acuerdo a testigos del hecho intent\u00f3 escapar de la Polic\u00eda cuando trataban de detenerlo por agredir a golpes y por la espalda al comerciante Edgardo Vera, el promotor principal de la oficina de\u00a0<strong>proveedores mineros<\/strong>\u00a0de esa localidad de monta\u00f1a Las Heras.<\/p>\n\n\n\n<p>El\u00a0<strong>fiscal<\/strong>\u00a0Torres confirm\u00f3 que &#8220;dispusimos que se les imputara formalmente los cargos que se les atribu\u00eda (a los dos detenidos) y, en el transcurso de los d\u00edas vamos a seguir avanzando con la investigaci\u00f3n&#8221; de estos hechos de violencia que se dieron en la villa uspallatina donde pretende desarrollarse la\u00a0<strong>miner\u00eda\u00a0<\/strong>del cobre bajo las normativas que dicta la\u00a0<strong>Ley 7.722<\/strong>.<\/p>\n\n\n\n<p>Tras los ataques de violencia del viernes, se realiz\u00f3 el s\u00e1bado una marcha pac\u00edfica contra la&nbsp;<strong>miner\u00eda&nbsp;<\/strong>en&nbsp;<strong>Uspallata&nbsp;<\/strong>en la que participaron unas 500 personas.<\/p>\n\n\n\n<h2 class=\"wp-block-heading\">Los disturbios contra la miner\u00eda en Uspallata estaban planificados<\/h2>\n\n\n\n<p>En este sentido, Torres anticip\u00f3 que seguir\u00e1 con la causa judicial &#8220;no solamente respecto de aquellas personas que agredieron a la gente que se encontraba en el lugar, sino tambi\u00e9n aquellas personas que eventualmente han sido los\u00a0<strong>instigadores<\/strong>, los propulsores de esta agresi\u00f3n&#8221; motivada por la posibilidad de que\u00a0en\u00a0<strong>Uspallata\u00a0<\/strong>vuelva a instalarse la minera San Jorge.<\/p>\n\n\n\n<p>El&nbsp;<strong>fiscal&nbsp;<\/strong>asegur\u00f3 que &#8220;lo que va surgiendo de la investigaci\u00f3n es que el ataque estaba planificado&#8221; por parte de un grupo&nbsp;<strong>antiminero<\/strong>. La confirmaci\u00f3n surge al secuestrar en el lugar un bid\u00f3n con combustible y al analizar &#8220;todas las c\u00e1maras de seguridad que pudieron registrar el hecho&#8221; ocurrido el viernes pasado en&nbsp;<strong>Uspallata<\/strong>.<\/p>\n\n\n\n<p>De este modo, la fiscal\u00eda avanza &#8220;en la medida en que el personal de Delitos Tecnol\u00f3gicos nos va identificando cada segmento, cada secuencia, para que podamos tener la mayor cantidad de&nbsp;<strong>elementos probatorios<\/strong>&nbsp;para ir avanzando y concluyendo con la investigaci\u00f3n&#8221;, complet\u00f3 el fiscal Carlos Torres.<\/p>\n\n\n\n<h2 class=\"wp-block-heading\">La situaci\u00f3n judicial de los imputados por los ataques en Uspallata<\/h2>\n\n\n\n<p>El\u00a0<strong>fiscal\u00a0<\/strong>de Homicidios y Violencia Institucional reconoci\u00f3 que &#8220;son muchas personas las que participaron de la agresi\u00f3n y del ataque en s\u00ed&#8221;. Entonces no podr\u00eda dar nombres concretos porque adem\u00e1s esa informaci\u00f3n est\u00e1 bajo secreto de la investigaci\u00f3n que lleva adelante tras los hechos de violencia contra el\u00a0avance de proyectos\u00a0<strong>mineros\u00a0<\/strong>en Uspallata.<\/p>\n\n\n\n<p>&#8220;Estamos trabajando fuertemente para tratar de establecer la identidad de aquellas personas que iniciaron y cometieron este ataque&#8221;, asegur\u00f3 sobre los incidentes del viernes cuando un grupo de&nbsp;<strong>antimineros&nbsp;<\/strong>protagoniz\u00f3 acciones de extrema violencia en las puertas de las flamantes oficinas de los proveedores mineros, ubicadas al lado de un supermercado.<\/p>\n\n\n\n<p>Los dos\u00a0<strong>detenidos\u00a0<\/strong>quedaron alojados en la Comisar\u00eda 11 de Luj\u00e1n de Cuyo, no fueron incomunicados, y podr\u00edan declarar en las pr\u00f3ximas horas en la Oficina Fiscal de Luj\u00e1n.<\/p>\n\n\n\n<p>Hasta el momento, seg\u00fan dijo el&nbsp;<strong>fiscal&nbsp;<\/strong>Torres, los imputados est\u00e1n siendo asistidos por el defensor de pobres y ausentes ya que no cuentan con abogado particular.<\/p>\n\n\n\n<p>El investigador del caso confirm\u00f3 este lunes a primera hora que &#8220;uno de ellos particip\u00f3 agrediendo y lesionando a una de los asistentes del acto y el otro incendi\u00f3 el local comercial&#8221; que estaban por inaugurar los proveedores de la\u00a0<strong>miner\u00eda\u00a0<\/strong>en\u00a0<strong>Uspallata<\/strong>.<\/p>\n\n\n\n<p><strong>Fuente: www.diariouno.com.ar<\/strong><a rel=\"noreferrer noopener\" href=\"https:\/\/www.facebook.com\/dialog\/feed?app_id=161316767303985&amp;link=https%3A%2F%2Fwww.diariouno.com.ar%2Fpolitica%2Fel-fiscal-carlos-torres-busca-los-instigadores-los-disturbios-contra-la-mineria-uspallata-n1397471&amp;name=El+fiscal+Carlos+Torres+busca+a+los+instigadores+de+los+disturbios+contra+la+miner%C3%ADa+en+Uspallata&amp;caption=Miner%C3%ADa&amp;description=Avanza+la+investigaci%C3%B3n+judicial+por+los+ataques+violentos+contra+la+miner%C3%ADa+que+se+dieron+el+viernes+en+Uspallata.+Ya+hay+imputados+y+buscan+a+los+instigadores&amp;redirect_uri=https%3A%2F%2Fwww.diariouno.com.ar%2Fpolitica%2Fel-fiscal-carlos-torres-busca-los-instigadores-los-disturbios-contra-la-mineria-uspallata-n1397471\" target=\"_blank\"><\/a><\/p>\n\n\n\n<p><a rel=\"noreferrer noopener\" href=\"https:\/\/twitter.com\/intent\/tweet?url=https%3A%2F%2Fwww.diariouno.com.ar%2Fc1397471&amp;related=diariouno&amp;text=El+fiscal+Carlos+Torres+busca+a+los+instigadores+de+los+disturbios+contra+la+miner%C3%ADa+en+Uspallata&amp;via=diariouno\" target=\"_blank\"><\/a><a href=\"mailto:?body=https%3A%2F%2Fwww.diariouno.com.ar%2Fpolitica%2Fel-fiscal-carlos-torres-busca-los-instigadores-los-disturbios-contra-la-mineria-uspallata-n1397471&amp;subject=%E2%80%9CEl%20fiscal%20Carlos%20Torres%20busca%20a%20los%20instigadores%20de%20los%20disturbios%20contra%20la%20miner%C3%ADa%20en%20Uspallata%E2%80%9D\"><\/a><\/p>\n\n\n\n<p><a rel=\"noreferrer noopener\" href=\"https:\/\/api.whatsapp.com\/send?text=%E2%80%9CEl%20fiscal%20Carlos%20Torres%20busca%20a%20los%20instigadores%20de%20los%20disturbios%20contra%20la%20miner%C3%ADa%20en%20Uspallata%E2%80%9D%20https%3A%2F%2Fwww.diariouno.com.ar%2Fpolitica%2Fel-fiscal-carlos-torres-busca-los-instigadores-los-disturbios-contra-la-mineria-uspallata-n1397471\" target=\"_blank\"><\/a><\/p>\n\n\n\n<p><a rel=\"noreferrer noopener\" href=\"http:\/\/www.linkedin.com\/shareArticle?mini=true&amp;url=https%3A%2F%2Fwww.diariouno.com.ar%2Fpolitica%2Fel-fiscal-carlos-torres-busca-los-instigadores-los-disturbios-contra-la-mineria-uspallata-n1397471\" target=\"_blank\"><\/a><\/p>\n","protected":false},"excerpt":{"rendered":"<p>Los disturbios contra la\u00a0miner\u00eda\u00a0que se desataron el viernes en\u00a0Uspallata, al momento de la inauguraci\u00f3n de una sede de la C\u00e1mara de Proveedores\u00a0Mineros, terminaron con dos personas detenidas que fueron imputadas, seg\u00fan anunci\u00f3 el\u00a0fiscal\u00a0Carlos Torres. Y buscan a los instigadores de la violencia ya que sospechan que el ataque estaba planificado. Por los incidentes y el [&hellip;]<\/p>\n","protected":false},"author":2,"featured_media":11254,"comment_status":"open","ping_status":"open","sticky":false,"template":"","format":"standard","meta":[],"categories":[116],"tags":[],"_links":{"self":[{"href":"https:\/\/pasaenmendoza.com\/index.php?rest_route=\/wp\/v2\/posts\/11253"}],"collection":[{"href":"https:\/\/pasaenmendoza.com\/index.php?rest_route=\/wp\/v2\/posts"}],"about":[{"href":"https:\/\/pasaenmendoza.com\/index.php?rest_route=\/wp\/v2\/types\/post"}],"author":[{"embeddable":true,"href":"https:\/\/pasaenmendoza.com\/index.php?rest_route=\/wp\/v2\/users\/2"}],"replies":[{"embeddable":true,"href":"https:\/\/pasaenmendoza.com\/index.php?rest_route=%2Fwp%2Fv2%2Fcomments&post=11253"}],"version-history":[{"count":1,"href":"https:\/\/pasaenmendoza.com\/index.php?rest_route=\/wp\/v2\/posts\/11253\/revisions"}],"predecessor-version":[{"id":11255,"href":"https:\/\/pasaenmendoza.com\/index.php?rest_route=\/wp\/v2\/posts\/11253\/revisions\/11255"}],"wp:featuredmedia":[{"embeddable":true,"href":"https:\/\/pasaenmendoza.com\/index.php?rest_route=\/wp\/v2\/media\/11254"}],"wp:attachment":[{"href":"https:\/\/pasaenmendoza.com\/index.php?rest_route=%2Fwp%2Fv2%2Fmedia&parent=11253"}],"wp:term":[{"taxonomy":"category","embeddable":true,"href":"https:\/\/pasaenmendoza.com\/index.php?rest_route=%2Fwp%2Fv2%2Fcategories&post=11253"},{"taxonomy":"post_tag","embeddable":true,"href":"https:\/\/pasaenmendoza.com\/index.php?rest_route=%2Fwp%2Fv2%2Ftags&post=11253"}],"curies":[{"name":"wp","href":"https:\/\/api.w.org\/{rel}","templated":true}]}}