{"id":11257,"date":"2025-01-27T22:55:15","date_gmt":"2025-01-27T21:55:15","guid":{"rendered":"https:\/\/pasaenmendoza.com\/?p=11257"},"modified":"2025-01-27T22:55:16","modified_gmt":"2025-01-27T21:55:16","slug":"ciudad-de-mendoza-celebro-el-dia-mundial-de-la-educacion-ambiental","status":"publish","type":"post","link":"https:\/\/pasaenmendoza.com\/?p=11257","title":{"rendered":"Ciudad de Mendoza celebr\u00f3 el D\u00eda Mundial de la Educaci\u00f3n Ambiental"},"content":{"rendered":"\n<p>La actividad, destinada a\u00a0<strong>sensibilizar sobre la importancia de la\u00a0preservaci\u00f3n del medio ambiente<\/strong>, cont\u00f3 con la participaci\u00f3n de\u00a0<strong>ni\u00f1as y ni\u00f1os de las escuelas de verano<\/strong>\u00a0del Gimnasio N\u00b0 4, Confarm y Barrio Cano, quienes disfrutaron de una\u00a0<strong>experiencia educativa\u00a0<\/strong>en contacto con la\u00a0<strong>naturaleza<\/strong>.<\/p>\n\n\n\n<p>El\u00a0<strong>objetivo\u00a0<\/strong>principal del evento fue sensibilizar a los m\u00e1s peque\u00f1os sobre la<strong>\u00a0importancia de la flora nativa del piedemonte mendocino<\/strong>\u00a0y su cuidado. Durante la jornada, los participantes recibieron una introducci\u00f3n sobre la relevancia de estas especies vegetales y el rol fundamental que tenemos como ciudadanos para preservar y proteger este valioso\u00a0<strong>patrimonio natural.<\/strong><\/p>\n\n\n\n<p>Los ni\u00f1os que participaron del encuentro fueron organizados en peque\u00f1os grupos para recorrer el sendero. A medida que avanzaban deb\u00edan identificar y registrar las especies de&nbsp;<strong>flora nativa<\/strong>&nbsp;y a su vez,&nbsp;<strong>recolectar en bolsas los residuos que encontraran<\/strong>. Al finalizar el recorrido se reunieron para contabilizar cu\u00e1ntas especies lograron reconocer y reflexionar sobre su importancia ecol\u00f3gica.<\/p>\n\n\n\n<p>El encuentro fue desarrollado por las secretar\u00edas de Ambiente y Desarrollo Urbano, Cultura, Turismo y Relaciones Internacionales y la direcci\u00f3n de Deportes.<\/p>\n\n\n\n<h2 class=\"wp-block-heading\"><strong>Sobre el D\u00eda Mundial de la Educaci\u00f3n Ambiental<\/strong><\/h2>\n\n\n\n<p>El\u00a0<strong>26 de enero<\/strong>\u00a0se conmemora el<strong>\u00a0D\u00eda Mundial de la\u00a0Educaci\u00f3n Ambiental<\/strong>,\u00a0una fecha establecida en 1972 durante la conferencia sobre el Medioambiente Humano de las Naciones Unidas en Estocolmo. Este evento marc\u00f3 un antes y un despu\u00e9s al posicionar la educaci\u00f3n ambiental como una prioridad global para\u00a0<strong>fomentar una convivencia m\u00e1s arm\u00f3nica entre las personas y la naturaleza.<\/strong><\/p>\n\n\n\n<p>En Argentina, la Ley 27.621 de\u00a0<strong>Educaci\u00f3n Ambiental Integral\u00a0<\/strong>refuerza este compromiso al promover herramientas y estrategias para incorporar la tem\u00e1tica ambiental en distintos \u00e1mbitos, como escuelas, organizaciones y comunidades.<\/p>\n\n\n\n<p><strong>Fuente: www.diariomendoza.com.ar<\/strong><\/p>\n","protected":false},"excerpt":{"rendered":"<p>La actividad, destinada a\u00a0sensibilizar sobre la importancia de la\u00a0preservaci\u00f3n del medio ambiente, cont\u00f3 con la participaci\u00f3n de\u00a0ni\u00f1as y ni\u00f1os de las escuelas de verano\u00a0del Gimnasio N\u00b0 4, Confarm y Barrio Cano, quienes disfrutaron de una\u00a0experiencia educativa\u00a0en contacto con la\u00a0naturaleza. El\u00a0objetivo\u00a0principal del evento fue sensibilizar a los m\u00e1s peque\u00f1os sobre la\u00a0importancia de la flora nativa del [&hellip;]<\/p>\n","protected":false},"author":2,"featured_media":11258,"comment_status":"open","ping_status":"open","sticky":false,"template":"","format":"standard","meta":[],"categories":[50],"tags":[],"_links":{"self":[{"href":"https:\/\/pasaenmendoza.com\/index.php?rest_route=\/wp\/v2\/posts\/11257"}],"collection":[{"href":"https:\/\/pasaenmendoza.com\/index.php?rest_route=\/wp\/v2\/posts"}],"about":[{"href":"https:\/\/pasaenmendoza.com\/index.php?rest_route=\/wp\/v2\/types\/post"}],"author":[{"embeddable":true,"href":"https:\/\/pasaenmendoza.com\/index.php?rest_route=\/wp\/v2\/users\/2"}],"replies":[{"embeddable":true,"href":"https:\/\/pasaenmendoza.com\/index.php?rest_route=%2Fwp%2Fv2%2Fcomments&post=11257"}],"version-history":[{"count":1,"href":"https:\/\/pasaenmendoza.com\/index.php?rest_route=\/wp\/v2\/posts\/11257\/revisions"}],"predecessor-version":[{"id":11259,"href":"https:\/\/pasaenmendoza.com\/index.php?rest_route=\/wp\/v2\/posts\/11257\/revisions\/11259"}],"wp:featuredmedia":[{"embeddable":true,"href":"https:\/\/pasaenmendoza.com\/index.php?rest_route=\/wp\/v2\/media\/11258"}],"wp:attachment":[{"href":"https:\/\/pasaenmendoza.com\/index.php?rest_route=%2Fwp%2Fv2%2Fmedia&parent=11257"}],"wp:term":[{"taxonomy":"category","embeddable":true,"href":"https:\/\/pasaenmendoza.com\/index.php?rest_route=%2Fwp%2Fv2%2Fcategories&post=11257"},{"taxonomy":"post_tag","embeddable":true,"href":"https:\/\/pasaenmendoza.com\/index.php?rest_route=%2Fwp%2Fv2%2Ftags&post=11257"}],"curies":[{"name":"wp","href":"https:\/\/api.w.org\/{rel}","templated":true}]}}