{"id":11263,"date":"2025-01-27T23:43:16","date_gmt":"2025-01-27T22:43:16","guid":{"rendered":"https:\/\/pasaenmendoza.com\/?p=11263"},"modified":"2025-01-27T23:43:17","modified_gmt":"2025-01-27T22:43:17","slug":"asaltos-persecucion-y-captura-la-caida-de-dos-motochorros-que-apuntaban-a-mujeres-como-victimas","status":"publish","type":"post","link":"https:\/\/pasaenmendoza.com\/?p=11263","title":{"rendered":"Asaltos, persecuci\u00f3n y captura: la ca\u00edda de dos motochorros que apuntaban a mujeres como v\u00edctimas"},"content":{"rendered":"\n<p>Los dos sujetos se movilizaban en una moto de alta cilindrada robada y portaban armas de fuego.&nbsp;<strong>Atacaron este lunes durante la ma\u00f1ana a mujeres en la v\u00eda p\u00fablica de Guaymall\u00e9n y Las Heras&nbsp;<\/strong>-una de ellas subcomisaria retirada- para robarles sus pertenencias y lo lograron. Pero&nbsp;<mark>el plan delictivo se derrumb\u00f3 una hora despu\u00e9s de la primera llamada que ingres\u00f3 al 911<\/mark>, lo que motiv\u00f3 un operativo cerrojo que permiti\u00f3 encontrarlos cuando intentaban refugiarse en su guarida.<\/p>\n\n\n\n<p>Por el horario descrito y las caracter\u00edsticas aportadas por otra mujer que sufri\u00f3 un ataque similar,\u00a0<strong>los investigadores no descartaban su participaci\u00f3n en un tercer asalto.<\/strong><\/p>\n\n\n\n<p>Lo cierto es que los sospechosos terminaron tras las rejas cuando personal policial de la&nbsp;<strong>Unidad Especial de Patrullaje&nbsp;<\/strong>(UEP) lasherina los encontr\u00f3 en zona de calles \u00c1lvarez Condarco y Segundo Callej\u00f3n Morales y detect\u00f3 que se met\u00edan en una vivienda de un asentamiento precario, donde uno de ellos ten\u00eda domicilio.<\/p>\n\n\n\n<p>El raid delictivo de los se\u00f1alados motochorros identificados como\u00a0<strong>Fernando Jes\u00fas Castagnola (33) y Jonathan Gabriel Flores (30)<\/strong>\u00a0comenz\u00f3 a las 11.45, cuando una\u00a0<mark>mujer polic\u00eda retirada de 50 a\u00f1os\u00a0<\/mark>denunci\u00f3 que se encontraba en la vereda de su domicilio del barrio Urquiza de Guaymall\u00e9n y se presentaron dos sujetos que se movilizaban en una moto oscura.<\/p>\n\n\n\n<p>La v\u00edctima detall\u00f3 que ambos delincuentes llevaban cascos negros y que el acompa\u00f1ante se baj\u00f3 y le sustrajo sus pertenencias, entre las que se encontraban un tel\u00e9fono marca ZTE negro con funda transparente, una mochila beige con documentaci\u00f3n varia, las llaves de su hogar y cuatro mil pesos en efectivo.<\/p>\n\n\n\n<p>De acuerdo con informaci\u00f3n a la que accedi\u00f3&nbsp;<em><strong>El Sol<\/strong><\/em>, la subcomisaria (r) asaltada cont\u00f3 a los uniformados que los motochorros escaparon por calle Roca, sin aportar una direcci\u00f3n precisa porque no lo recordaba.<\/p>\n\n\n\n<p>Cuando ya se trabajaba la novedad iniciada en el barrio\u00a0<strong>Urquiza de Guaymall\u00e9n<\/strong>, ingres\u00f3 otra similar al Centro Estrat\u00e9gico de Operaciones (CEO) ocurrida en Las Heras, que tambi\u00e9n tuvo como v\u00edctima una mujer.<\/p>\n\n\n\n<p>El hecho sucedi\u00f3 a las 12.15 en calles&nbsp;<strong>Ej\u00e9rcito Argentino y Tacuar\u00ed<\/strong>, cuando dos sujetos que se movilizaban en una moto de alta cilindrada abordaron y amenazaron a la mujer con armas de fuego mientras se encontraba en la parada de colectivos.<\/p>\n\n\n\n<p>De acuerdo con la informaci\u00f3n policial, se trataba de los mismos asaltantes que hab\u00edan perpetrado el robo minutos antes del mediod\u00eda en el barrio Urquiza. Ante la gravedad del caso, personal policial de la UEP Las Heras comenz\u00f3 a realizar maniobras operativas en la zona con el objetivo de encontrar a los delincuentes.<\/p>\n\n\n\n<p>As\u00ed fue que, en calles\u00a0<strong>\u00c1lvarez Condarco y Segundo Callej\u00f3n Morales<\/strong>, observaron a dos sujetos a bordo de una moto\u00a0<strong>Bajaj modelo Dominar 400cc negro<\/strong>. Al notar la presencia policial, los sujetos ingresaron a un descampado ubicado en la margen sur y dejaron tirada la moto entre unos yuyos.<\/p>\n\n\n\n<p>Se metieron a una vivienda ubicada en un peque\u00f1o asentamiento y los efectivos fueron en su b\u00fasqueda. Minutos despu\u00e9s, lograron capturarlos. Mientras proced\u00edan a la aprehensi\u00f3n,&nbsp;<strong>detectaron que hab\u00edan descartado tambi\u00e9n diversos elementos que previamente hab\u00edan sustra\u00eddo&nbsp;<\/strong>a las dos v\u00edctimas.<\/p>\n\n\n\n<p>Al momento de analizar el dominio de la moto, confirmaron que se encontraba solicitada por averiguaci\u00f3n de hurto agravado desde el 3 de este mes. Castagnola, tras ser identificado, dijo que ten\u00eda domicilio en el barrio Plumerillo Sur y que se encontraba&nbsp;<em>\u201cdesempleado\u201d.&nbsp;<\/em>Por su parte, Flores, domiciliado en calle Segundo Callej\u00f3n Morales inform\u00f3 que era&nbsp;<em>\u201cchangar\u00edn\u201d.<\/em><\/p>\n\n\n\n<p>Ambos quedaron a disposici\u00f3n de la Justicia por los delitos de encubrimiento (por movilizarse en una moto denunciada como robada) y robo agravado por el uso de arma de fuego, detallaron las fuentes.<\/p>\n\n\n\n<p>Durante el procedimiento los polic\u00edas recuperaron la documentaci\u00f3n sustra\u00edda (como credencial policial de la subcomisaria asaltada), licencia de conducir, documentos, tarjetas de d\u00e9bito varias, carnet de OSEP, una llave, una cartera de mano y brillantes, entre otros elementos de valor.<\/p>\n\n\n\n<p>Las fuentes agregaron que en Guaymall\u00e9n perpetraron otro asalto la ma\u00f1ana de este lunes que tuvo como\u00a0<strong>v\u00edctima a una mujer en el ingreso al barrio Guacamayo<\/strong>, en calle N\u00ba1. Ocurri\u00f3 a las 11.30 -unos minutos antes al robo que sufri\u00f3 la subcomisaria (r)- y la v\u00edctima fue una joven de 19 a\u00f1os oriunda del barrio Batalla del Pilar de Godoy Cruz.<\/p>\n\n\n\n<p>La joven describi\u00f3 que se encontraba con su suegra cuando se le acercaron&nbsp;<strong>dos motochorros que ten\u00edan cascos negros<\/strong>. A punta de arma de fuego (dijo no recordar si era una pistola o un rev\u00f3lver), le sustrajeron un celular Motorola, una mochila marr\u00f3n claro con tachuelas, una billetera rosada, un kit de maquillaje y documentaci\u00f3n varia.<\/p>\n\n\n\n<p>Luego del asalto, se dieron a la fuga por calle Libertad hacia el norte. Para los pesquisas consultados por este diario,\u00a0<strong>podr\u00eda tratarse de los mismos autores que actuaron en todos los hechos detallados.<\/strong><\/p>\n\n\n\n<p><strong>Fuente: www.elsol.com.ar<\/strong><\/p>\n","protected":false},"excerpt":{"rendered":"<p>Los dos sujetos se movilizaban en una moto de alta cilindrada robada y portaban armas de fuego.&nbsp;Atacaron este lunes durante la ma\u00f1ana a mujeres en la v\u00eda p\u00fablica de Guaymall\u00e9n y Las Heras&nbsp;-una de ellas subcomisaria retirada- para robarles sus pertenencias y lo lograron. Pero&nbsp;el plan delictivo se derrumb\u00f3 una hora despu\u00e9s de la primera [&hellip;]<\/p>\n","protected":false},"author":2,"featured_media":11264,"comment_status":"open","ping_status":"open","sticky":false,"template":"","format":"standard","meta":[],"categories":[48],"tags":[],"_links":{"self":[{"href":"https:\/\/pasaenmendoza.com\/index.php?rest_route=\/wp\/v2\/posts\/11263"}],"collection":[{"href":"https:\/\/pasaenmendoza.com\/index.php?rest_route=\/wp\/v2\/posts"}],"about":[{"href":"https:\/\/pasaenmendoza.com\/index.php?rest_route=\/wp\/v2\/types\/post"}],"author":[{"embeddable":true,"href":"https:\/\/pasaenmendoza.com\/index.php?rest_route=\/wp\/v2\/users\/2"}],"replies":[{"embeddable":true,"href":"https:\/\/pasaenmendoza.com\/index.php?rest_route=%2Fwp%2Fv2%2Fcomments&post=11263"}],"version-history":[{"count":1,"href":"https:\/\/pasaenmendoza.com\/index.php?rest_route=\/wp\/v2\/posts\/11263\/revisions"}],"predecessor-version":[{"id":11265,"href":"https:\/\/pasaenmendoza.com\/index.php?rest_route=\/wp\/v2\/posts\/11263\/revisions\/11265"}],"wp:featuredmedia":[{"embeddable":true,"href":"https:\/\/pasaenmendoza.com\/index.php?rest_route=\/wp\/v2\/media\/11264"}],"wp:attachment":[{"href":"https:\/\/pasaenmendoza.com\/index.php?rest_route=%2Fwp%2Fv2%2Fmedia&parent=11263"}],"wp:term":[{"taxonomy":"category","embeddable":true,"href":"https:\/\/pasaenmendoza.com\/index.php?rest_route=%2Fwp%2Fv2%2Fcategories&post=11263"},{"taxonomy":"post_tag","embeddable":true,"href":"https:\/\/pasaenmendoza.com\/index.php?rest_route=%2Fwp%2Fv2%2Ftags&post=11263"}],"curies":[{"name":"wp","href":"https:\/\/api.w.org\/{rel}","templated":true}]}}