{"id":11266,"date":"2025-01-27T23:46:13","date_gmt":"2025-01-27T22:46:13","guid":{"rendered":"https:\/\/pasaenmendoza.com\/?p=11266"},"modified":"2025-01-27T23:46:13","modified_gmt":"2025-01-27T22:46:13","slug":"alta-montana-un-camion-tuvo-un-accidente-en-potrerillos","status":"publish","type":"post","link":"https:\/\/pasaenmendoza.com\/?p=11266","title":{"rendered":"Alta monta\u00f1a: un cami\u00f3n tuvo un accidente en Potrerillos"},"content":{"rendered":"\n<p>Un&nbsp;<strong>cami\u00f3n<\/strong>&nbsp;que circulaba por la&nbsp;<strong>Ruta 7<\/strong>&nbsp;se fue a un costado del camino y perdi\u00f3 su carga, pero sin generar v\u00edctimas ni problemas el tr\u00e1nsito.<\/p>\n\n\n\n<p>El hecho se registr\u00f3 en el kil\u00f3metro 1.110, a la altura de&nbsp;<strong>Potrerillos<\/strong>, donde el cami\u00f3n permanece a un costado de la ruta con da\u00f1oS importantes, pero sin lamentar heridos graves.<\/p>\n\n\n\n<p>El tr\u00e1nsito no est\u00e1 interrumpido, pero se recomienda circular con especial precauci\u00f3n por la zona.<\/p>\n\n\n\n<p><strong>Fuente: www.mdzol.com<\/strong><\/p>\n","protected":false},"excerpt":{"rendered":"<p>Un&nbsp;cami\u00f3n&nbsp;que circulaba por la&nbsp;Ruta 7&nbsp;se fue a un costado del camino y perdi\u00f3 su carga, pero sin generar v\u00edctimas ni problemas el tr\u00e1nsito. El hecho se registr\u00f3 en el kil\u00f3metro 1.110, a la altura de&nbsp;Potrerillos, donde el cami\u00f3n permanece a un costado de la ruta con da\u00f1oS importantes, pero sin lamentar heridos graves. El tr\u00e1nsito [&hellip;]<\/p>\n","protected":false},"author":2,"featured_media":11267,"comment_status":"open","ping_status":"open","sticky":false,"template":"","format":"standard","meta":[],"categories":[48],"tags":[],"_links":{"self":[{"href":"https:\/\/pasaenmendoza.com\/index.php?rest_route=\/wp\/v2\/posts\/11266"}],"collection":[{"href":"https:\/\/pasaenmendoza.com\/index.php?rest_route=\/wp\/v2\/posts"}],"about":[{"href":"https:\/\/pasaenmendoza.com\/index.php?rest_route=\/wp\/v2\/types\/post"}],"author":[{"embeddable":true,"href":"https:\/\/pasaenmendoza.com\/index.php?rest_route=\/wp\/v2\/users\/2"}],"replies":[{"embeddable":true,"href":"https:\/\/pasaenmendoza.com\/index.php?rest_route=%2Fwp%2Fv2%2Fcomments&post=11266"}],"version-history":[{"count":1,"href":"https:\/\/pasaenmendoza.com\/index.php?rest_route=\/wp\/v2\/posts\/11266\/revisions"}],"predecessor-version":[{"id":11268,"href":"https:\/\/pasaenmendoza.com\/index.php?rest_route=\/wp\/v2\/posts\/11266\/revisions\/11268"}],"wp:featuredmedia":[{"embeddable":true,"href":"https:\/\/pasaenmendoza.com\/index.php?rest_route=\/wp\/v2\/media\/11267"}],"wp:attachment":[{"href":"https:\/\/pasaenmendoza.com\/index.php?rest_route=%2Fwp%2Fv2%2Fmedia&parent=11266"}],"wp:term":[{"taxonomy":"category","embeddable":true,"href":"https:\/\/pasaenmendoza.com\/index.php?rest_route=%2Fwp%2Fv2%2Fcategories&post=11266"},{"taxonomy":"post_tag","embeddable":true,"href":"https:\/\/pasaenmendoza.com\/index.php?rest_route=%2Fwp%2Fv2%2Ftags&post=11266"}],"curies":[{"name":"wp","href":"https:\/\/api.w.org\/{rel}","templated":true}]}}