{"id":11269,"date":"2025-01-27T23:49:57","date_gmt":"2025-01-27T22:49:57","guid":{"rendered":"https:\/\/pasaenmendoza.com\/?p=11269"},"modified":"2025-01-27T23:49:58","modified_gmt":"2025-01-27T22:49:58","slug":"detuvieron-al-kenchu-un-peligroso-delincuente-buscado-por-un-homicidio","status":"publish","type":"post","link":"https:\/\/pasaenmendoza.com\/?p=11269","title":{"rendered":"Detuvieron al &#8220;Kenchu&#8221;, un peligroso delincuente buscado por un homicidio"},"content":{"rendered":"\n<p>La&nbsp;<strong>Polic\u00eda de Mendoza<\/strong>&nbsp;aprehendi\u00f3 a un hombre vinculado a la muerte de&nbsp;<strong>Orlando Barbosa<\/strong>, ocurrida en abril de&nbsp;<strong>2024<\/strong>. Se trata del alias el \u201c<strong>Kenchu<\/strong>\u201d quien presenta antecedentes por&nbsp;<strong>robo agravado<\/strong>&nbsp;y por portaci\u00f3n de<strong>&nbsp;arma<\/strong>&nbsp;de fuego, adem\u00e1s de varias detenciones.<\/p>\n\n\n\n<p>La muerte de Orlando Barbosa ocurri\u00f3 cuando\u00a0fue a reclamar el pago del alquiler a su<strong>\u00a0inquilino<\/strong>. En medio de una discusi\u00f3n, intervino el sujeto alias el \u201cKenchu\u201d, quien efectu\u00f3 disparos que le causaron la muerte. Por este hecho ya hay otro detenido.<\/p>\n\n\n\n<p>El arresto se efectu\u00f3 en el&nbsp;<strong>Barrio 23 de Febrero<\/strong>&nbsp;de Las Heras, tras una investigaci\u00f3n de la Divisi\u00f3n Homicidios. Tomaron conocimiento de que el sospechoso se encontraba en una vivienda, por lo que se mont\u00f3 un operativo de vigilancia discreta. Al observar movimientos dentro de la propiedad, se solicit\u00f3 un allanamiento a la UFI de Homicidios, que fue autorizado por el Juzgado Penal Colegiado en turno.<\/p>\n\n\n\n<p>Al ingresar al domicilio, los uniformados procedieron a la detenci\u00f3n del hombre, quien presentaba ambas piernas vendadas y lesiones de quemaduras en sus brazos. Fue trasladado en ambulancia al Hospital\u00a0<strong>Lagomaggiore<\/strong>\u00a0quedando bajo consigna policial.<\/p>\n\n\n\n<p>El caso est\u00e1 siendo investigado por fiscal Carlos Torres de la Unidad Fiscal de Homicidios.<\/p>\n\n\n\n<p><strong>Fuente: www.mdzol.com<\/strong><\/p>\n","protected":false},"excerpt":{"rendered":"<p>La&nbsp;Polic\u00eda de Mendoza&nbsp;aprehendi\u00f3 a un hombre vinculado a la muerte de&nbsp;Orlando Barbosa, ocurrida en abril de&nbsp;2024. Se trata del alias el \u201cKenchu\u201d quien presenta antecedentes por&nbsp;robo agravado&nbsp;y por portaci\u00f3n de&nbsp;arma&nbsp;de fuego, adem\u00e1s de varias detenciones. La muerte de Orlando Barbosa ocurri\u00f3 cuando\u00a0fue a reclamar el pago del alquiler a su\u00a0inquilino. En medio de una discusi\u00f3n, [&hellip;]<\/p>\n","protected":false},"author":2,"featured_media":11270,"comment_status":"open","ping_status":"open","sticky":false,"template":"","format":"standard","meta":[],"categories":[48],"tags":[],"_links":{"self":[{"href":"https:\/\/pasaenmendoza.com\/index.php?rest_route=\/wp\/v2\/posts\/11269"}],"collection":[{"href":"https:\/\/pasaenmendoza.com\/index.php?rest_route=\/wp\/v2\/posts"}],"about":[{"href":"https:\/\/pasaenmendoza.com\/index.php?rest_route=\/wp\/v2\/types\/post"}],"author":[{"embeddable":true,"href":"https:\/\/pasaenmendoza.com\/index.php?rest_route=\/wp\/v2\/users\/2"}],"replies":[{"embeddable":true,"href":"https:\/\/pasaenmendoza.com\/index.php?rest_route=%2Fwp%2Fv2%2Fcomments&post=11269"}],"version-history":[{"count":1,"href":"https:\/\/pasaenmendoza.com\/index.php?rest_route=\/wp\/v2\/posts\/11269\/revisions"}],"predecessor-version":[{"id":11271,"href":"https:\/\/pasaenmendoza.com\/index.php?rest_route=\/wp\/v2\/posts\/11269\/revisions\/11271"}],"wp:featuredmedia":[{"embeddable":true,"href":"https:\/\/pasaenmendoza.com\/index.php?rest_route=\/wp\/v2\/media\/11270"}],"wp:attachment":[{"href":"https:\/\/pasaenmendoza.com\/index.php?rest_route=%2Fwp%2Fv2%2Fmedia&parent=11269"}],"wp:term":[{"taxonomy":"category","embeddable":true,"href":"https:\/\/pasaenmendoza.com\/index.php?rest_route=%2Fwp%2Fv2%2Fcategories&post=11269"},{"taxonomy":"post_tag","embeddable":true,"href":"https:\/\/pasaenmendoza.com\/index.php?rest_route=%2Fwp%2Fv2%2Ftags&post=11269"}],"curies":[{"name":"wp","href":"https:\/\/api.w.org\/{rel}","templated":true}]}}