{"id":1127,"date":"2023-09-01T15:26:26","date_gmt":"2023-09-01T13:26:26","guid":{"rendered":"https:\/\/pasaenmendoza.com\/?p=1127"},"modified":"2023-09-01T15:26:26","modified_gmt":"2023-09-01T13:26:26","slug":"una-mujer-se-resbalo-en-el-bano-y-murio-electrocutada-en-ciudad","status":"publish","type":"post","link":"https:\/\/pasaenmendoza.com\/?p=1127","title":{"rendered":"Una mujer se resbal\u00f3 en el ba\u00f1o y muri\u00f3 electrocutada en Ciudad"},"content":{"rendered":"\n<p>Una mujer muri\u00f3 electrocutada en la Ciudad de Mendoza. Se accident\u00f3 en el ba\u00f1o.<\/p>\n\n\n\n<p>A las 20.00 de este lunes, Laura Patricia Ram\u00edrez de 40 a\u00f1os, estaba en el ba\u00f1o de su casa del Barrio 31 de mayo.<\/p>\n\n\n\n<p>Aparentemente, perdi\u00f3 el equilibrio, se trat\u00f3 agarrar del calef\u00f3n el\u00e9ctrico para no caerse y sostuvo un cable que le dio un golpe de corriente.<\/p>\n\n\n\n<p>Minutos m\u00e1s tarde fue llevada al Centro de Salud 300 del Barrio La Favorita donde los m\u00e9dicos la asistieron, pero constataron su muerte.<\/p>\n\n\n\n<p>Intervino la Oficina Fiscal N\u00b0 2 de la Comisar\u00eda 6\u00b0.<\/p>\n\n\n\n<p><strong>Fuente: www.mendozapost.com<\/strong><\/p>\n","protected":false},"excerpt":{"rendered":"<p>Una mujer muri\u00f3 electrocutada en la Ciudad de Mendoza. Se accident\u00f3 en el ba\u00f1o. A las 20.00 de este lunes, Laura Patricia Ram\u00edrez de 40 a\u00f1os, estaba en el ba\u00f1o de su casa del Barrio 31 de mayo. Aparentemente, perdi\u00f3 el equilibrio, se trat\u00f3 agarrar del calef\u00f3n el\u00e9ctrico para no caerse y sostuvo un cable [&hellip;]<\/p>\n","protected":false},"author":2,"featured_media":1128,"comment_status":"open","ping_status":"open","sticky":false,"template":"","format":"standard","meta":[],"categories":[48],"tags":[],"_links":{"self":[{"href":"https:\/\/pasaenmendoza.com\/index.php?rest_route=\/wp\/v2\/posts\/1127"}],"collection":[{"href":"https:\/\/pasaenmendoza.com\/index.php?rest_route=\/wp\/v2\/posts"}],"about":[{"href":"https:\/\/pasaenmendoza.com\/index.php?rest_route=\/wp\/v2\/types\/post"}],"author":[{"embeddable":true,"href":"https:\/\/pasaenmendoza.com\/index.php?rest_route=\/wp\/v2\/users\/2"}],"replies":[{"embeddable":true,"href":"https:\/\/pasaenmendoza.com\/index.php?rest_route=%2Fwp%2Fv2%2Fcomments&post=1127"}],"version-history":[{"count":1,"href":"https:\/\/pasaenmendoza.com\/index.php?rest_route=\/wp\/v2\/posts\/1127\/revisions"}],"predecessor-version":[{"id":1129,"href":"https:\/\/pasaenmendoza.com\/index.php?rest_route=\/wp\/v2\/posts\/1127\/revisions\/1129"}],"wp:featuredmedia":[{"embeddable":true,"href":"https:\/\/pasaenmendoza.com\/index.php?rest_route=\/wp\/v2\/media\/1128"}],"wp:attachment":[{"href":"https:\/\/pasaenmendoza.com\/index.php?rest_route=%2Fwp%2Fv2%2Fmedia&parent=1127"}],"wp:term":[{"taxonomy":"category","embeddable":true,"href":"https:\/\/pasaenmendoza.com\/index.php?rest_route=%2Fwp%2Fv2%2Fcategories&post=1127"},{"taxonomy":"post_tag","embeddable":true,"href":"https:\/\/pasaenmendoza.com\/index.php?rest_route=%2Fwp%2Fv2%2Ftags&post=1127"}],"curies":[{"name":"wp","href":"https:\/\/api.w.org\/{rel}","templated":true}]}}