{"id":11272,"date":"2025-01-28T14:34:17","date_gmt":"2025-01-28T13:34:17","guid":{"rendered":"https:\/\/pasaenmendoza.com\/?p=11272"},"modified":"2025-01-28T14:34:18","modified_gmt":"2025-01-28T13:34:18","slug":"tras-las-tormentas-pronostican-una-ola-de-calor-en-mendoza-y-mas-lluvias-como-estara-el-tiempo","status":"publish","type":"post","link":"https:\/\/pasaenmendoza.com\/?p=11272","title":{"rendered":"Tras las tormentas, pronostican una ola de calor en Mendoza y m\u00e1s lluvias: c\u00f3mo estar\u00e1 el tiempo"},"content":{"rendered":"\n<p>Tras la feroz&nbsp;<strong>tormenta&nbsp;<\/strong>que azot\u00f3 este lunes a varios departamentos del&nbsp;<strong>Gran Mendoza<\/strong>, los principales reportes meteorol\u00f3gicos avizoran el<strong>&nbsp;<\/strong>ingreso de una&nbsp;<strong>intensa ola calor<\/strong>, cuya duraci\u00f3n podr\u00eda llegar a los cinco d\u00edas.&nbsp;<strong>Este martes comenzar\u00e1 con lloviznas&nbsp;<\/strong>pero el panorama ir\u00e1 cambiando a medida que las horas avancen.<\/p>\n\n\n\n<p>Seg\u00fan el meteor\u00f3logo\u00a0<strong>Fernando Jara<\/strong>, \u201cla ola de calor\u00a0<strong>arrancar\u00e1 el pr\u00f3ximo mi\u00e9rcoles 29 de enero y se extender\u00e1 hasta el domingo 2 de febrero<\/strong>\u201c. Las temperaturas m\u00e1ximas, rondar\u00e1n\u00a0<strong>entre los 36 y los 38 grados.<\/strong><\/p>\n\n\n\n<p>Para el martes 28 de enero, la Direcci\u00f3n de Contingencias Clim\u00e1ticas indica: \u201cCielo parcialmente nublado con ascenso de la temperatura, vientos moderados del sector sur.\u00a0<strong>Tormentas aisladas<\/strong>\u201c. La m\u00ednima ser\u00e1 de 22 grados y la m\u00e1xima de 30, lo que registrar\u00e1 una leve suba de la temperatura respecto del lunes.<\/p>\n\n\n\n<h2 class=\"wp-block-heading\" id=\"h-ola-de-calor-en-mendoza\">Ola de calor en Mendoza<\/h2>\n\n\n\n<p>Tras la inestabilidad del lunes y martes, los reportes meteorol\u00f3gicos indican un cambio de masa de aire que har\u00e1 aumentar los registros t\u00e9rmicos, tanto de las temperaturas m\u00ednimas como de las m\u00e1ximas.<\/p>\n\n\n\n<p>Para el\u00a0<strong>mi\u00e9rcoles<\/strong>\u00a0se pronostica: \u201cNubosidad variable con poco cambio de la temperatura, vientos moderados del noreste. Mejoran las condiciones meteorol\u00f3gicas. Inestable en cordillera\u201d.\u00a0<strong>La m\u00ednima ser\u00e1 de 22 grados y la m\u00e1xima de 35.<\/strong><\/p>\n\n\n\n<p>Entre el\u00a0<strong>jueves y viernes<\/strong>, \u00faltimos d\u00edas de enero, continuar\u00e1 el calor agobiante en Mendoza y poca nubosidad. Las m\u00ednimas durante dichas jornadas ser\u00e1n de 23 grados, en tanto,\u00a0<strong>las m\u00e1ximas llegar\u00e1n a los 35 y 36 grados<\/strong>, respectivamente.<\/p>\n\n\n\n<p>El calor no se detiene all\u00ed, sino que&nbsp;<strong>febrero tambi\u00e9n arrancar\u00e1 con temperaturas elevadas<\/strong>. Tanto s\u00e1bado como domingo ser\u00e1n jornadas sofocantes, con m\u00ednimas que llegar\u00e1n a los 24 grados y&nbsp;<strong>m\u00e1ximas que alcanzar\u00e1n los 37 y 38 grados.<\/strong><\/p>\n\n\n\n<p>Las autoridades piden a la poblaci\u00f3n mantenerse alertas ante esta ola de calor y tomar los recaudos pertinentes. Esta informaci\u00f3n va destinada en especial a ni\u00f1os y adultos mayores, que pueden llegar a ser los m\u00e1s afectados.<\/p>\n\n\n\n<h2 class=\"wp-block-heading\" id=\"h-que-hacer-ante-una-ola-de-calor\">Qu\u00e9 hacer ante una ola de calor<\/h2>\n\n\n\n<p>Los especialistas recomiendan mantenerse hidratados con frecuencia y evitar la exposici\u00f3n al sol, sobre todo entre las 10 y las 16, para no sufrir un golpe de calor.&nbsp;Adem\u00e1s, aconsejan:&nbsp;<\/p>\n\n\n\n<ul>\n<li>Usar ropa ligera, holgada, de colores claros y evitar las telas sint\u00e9ticas.<\/li>\n\n\n\n<li>Utilizar protector solar, sombrero y gafas de sol.<\/li>\n\n\n\n<li>Evitar realizar actividad f\u00edsica intensa.<\/li>\n\n\n\n<li>Mantener los lugares bien ventilados o con aire acondicionado.<\/li>\n\n\n\n<li>Tomar duchas o ba\u00f1os fr\u00edos.<\/li>\n\n\n\n<li>M\u00f3jese la piel con un pa\u00f1o h\u00famedo o utilizando un aerosol o ropa mojada.<\/li>\n\n\n\n<li>Descansar con frecuencia a la sombra.<\/li>\n<\/ul>\n\n\n\n<p>En caso de que alguien presente s\u00edntomas como temperatura corporal mayor a 39\u00b0C, n\u00e1useas o v\u00f3mitos, mareos o desmayos, es recomendable solicitar atenci\u00f3n m\u00e9dica.\u00a0<\/p>\n\n\n\n<p><strong>Fuente: www.elsol.com.ar<\/strong><\/p>\n","protected":false},"excerpt":{"rendered":"<p>Tras la feroz&nbsp;tormenta&nbsp;que azot\u00f3 este lunes a varios departamentos del&nbsp;Gran Mendoza, los principales reportes meteorol\u00f3gicos avizoran el&nbsp;ingreso de una&nbsp;intensa ola calor, cuya duraci\u00f3n podr\u00eda llegar a los cinco d\u00edas.&nbsp;Este martes comenzar\u00e1 con lloviznas&nbsp;pero el panorama ir\u00e1 cambiando a medida que las horas avancen. Seg\u00fan el meteor\u00f3logo\u00a0Fernando Jara, \u201cla ola de calor\u00a0arrancar\u00e1 el pr\u00f3ximo mi\u00e9rcoles 29 [&hellip;]<\/p>\n","protected":false},"author":2,"featured_media":11273,"comment_status":"open","ping_status":"open","sticky":false,"template":"","format":"standard","meta":[],"categories":[52],"tags":[],"_links":{"self":[{"href":"https:\/\/pasaenmendoza.com\/index.php?rest_route=\/wp\/v2\/posts\/11272"}],"collection":[{"href":"https:\/\/pasaenmendoza.com\/index.php?rest_route=\/wp\/v2\/posts"}],"about":[{"href":"https:\/\/pasaenmendoza.com\/index.php?rest_route=\/wp\/v2\/types\/post"}],"author":[{"embeddable":true,"href":"https:\/\/pasaenmendoza.com\/index.php?rest_route=\/wp\/v2\/users\/2"}],"replies":[{"embeddable":true,"href":"https:\/\/pasaenmendoza.com\/index.php?rest_route=%2Fwp%2Fv2%2Fcomments&post=11272"}],"version-history":[{"count":1,"href":"https:\/\/pasaenmendoza.com\/index.php?rest_route=\/wp\/v2\/posts\/11272\/revisions"}],"predecessor-version":[{"id":11274,"href":"https:\/\/pasaenmendoza.com\/index.php?rest_route=\/wp\/v2\/posts\/11272\/revisions\/11274"}],"wp:featuredmedia":[{"embeddable":true,"href":"https:\/\/pasaenmendoza.com\/index.php?rest_route=\/wp\/v2\/media\/11273"}],"wp:attachment":[{"href":"https:\/\/pasaenmendoza.com\/index.php?rest_route=%2Fwp%2Fv2%2Fmedia&parent=11272"}],"wp:term":[{"taxonomy":"category","embeddable":true,"href":"https:\/\/pasaenmendoza.com\/index.php?rest_route=%2Fwp%2Fv2%2Fcategories&post=11272"},{"taxonomy":"post_tag","embeddable":true,"href":"https:\/\/pasaenmendoza.com\/index.php?rest_route=%2Fwp%2Fv2%2Ftags&post=11272"}],"curies":[{"name":"wp","href":"https:\/\/api.w.org\/{rel}","templated":true}]}}