{"id":11275,"date":"2025-01-28T15:10:15","date_gmt":"2025-01-28T14:10:15","guid":{"rendered":"https:\/\/pasaenmendoza.com\/?p=11275"},"modified":"2025-01-28T15:10:16","modified_gmt":"2025-01-28T14:10:16","slug":"le-dieron-domiciliaria-al-boxeador-de-maipu-acusado-de-abuso-sexual-contra-su-tia-menor-de-edad","status":"publish","type":"post","link":"https:\/\/pasaenmendoza.com\/?p=11275","title":{"rendered":"Le dieron domiciliaria al boxeador de Maip\u00fa acusado de abuso sexual contra su t\u00eda menor de edad"},"content":{"rendered":"\n<p>Este lunes se realiz\u00f3 una audiencia clave en el expediente de\u00a0<strong>abuso sexual<\/strong>\u00a0que deriv\u00f3 en la detenci\u00f3n de un\u00a0<strong>boxeador\u00a0<\/strong>profesional en\u00a0<strong>Maip\u00fa<\/strong>. El joven de 19 a\u00f1os, que est\u00e1 acusado de haber vejado a una t\u00eda suya que es menor de edad, logr\u00f3 salir de la c\u00e1rcel y qued\u00f3 con arresto domiciliario.<\/p>\n\n\n\n<p>El deportista fue detenido el 10 de diciembre pasado, a pocas semanas de tener su primera pelea oficial como&nbsp;<strong>boxeador<\/strong>. Desde entonces se encontraba alojado en la penitenciar\u00eda, pese a que su abogado hab\u00eda solicitado que sea liberado ante la falta de pruebas de contundencia. Por el lado contrario, desde la Fiscal\u00eda de Delitos Sexuales hab\u00edan solicitado la prisi\u00f3n preventiva.<\/p>\n\n\n\n<p>Finalmente la jueza Mariana Gardey accedi\u00f3 al pedido de la acusaci\u00f3n, pero moriger\u00f3 la detenci\u00f3n en arresto domiciliario. Una vez que se cumplan los requisitos t\u00e9cnicos, el imputado por\u00a0<strong>abuso sexual<\/strong>\u00a0pasar\u00e1 a estar detenido en una casa ubicada en\u00a0<strong>Maip\u00fa<\/strong>. Claro que estar\u00e1 con prohibici\u00f3n de acercamiento a la v\u00edctima.<\/p>\n\n\n\n<h2 class=\"wp-block-heading\">Boxeador acusado de abuso sexual en Maip\u00fa<\/h2>\n\n\n\n<p>El expediente tiene como v\u00edctima a una ni\u00f1a de 12 a\u00f1os que viv\u00eda con una hermana mayor en calle Videla Aranda de&nbsp;<strong>Maip\u00fa.<\/strong>&nbsp;En el domicilio tambi\u00e9n estaba la pareja de su hermana y los hijos. A las semanas, la ni\u00f1a manifest\u00f3 que se quer\u00eda ir del lugar y qued\u00f3 con una cuidadora. En esa instancia, seg\u00fan se sostiene en la denuncia, confes\u00f3 que hab\u00eda sido tocada en sus partes \u00edntimas por el esposo y uno de los hijos de su hermana.<\/p>\n\n\n\n<p>Se inici\u00f3 una causa judicial donde se solicit\u00f3 la captura de ambos sospechosos. El esposo no fue hallado y est\u00e1 pr\u00f3fugo. En tanto que el sobrino de la v\u00edctima, un joven de 19 a\u00f1os, fue detenido. Se trata de un\u00a0<strong>boxeador<\/strong>\u00a0-se reserva su identidad- que a fines de octubre pasado hizo su debut como profesional. Fue imputado por\u00a0<strong>abuso sexual<\/strong>\u00a0gravemente ultrajante agravado por la guarda y por la convivencia con la menor de edad. Arriesga una pena de 8 a 20 a\u00f1os de prisi\u00f3n.<\/p>\n\n\n\n<p><strong>Fuente: www.diariouno.com.ar<\/strong><\/p>\n","protected":false},"excerpt":{"rendered":"<p>Este lunes se realiz\u00f3 una audiencia clave en el expediente de\u00a0abuso sexual\u00a0que deriv\u00f3 en la detenci\u00f3n de un\u00a0boxeador\u00a0profesional en\u00a0Maip\u00fa. El joven de 19 a\u00f1os, que est\u00e1 acusado de haber vejado a una t\u00eda suya que es menor de edad, logr\u00f3 salir de la c\u00e1rcel y qued\u00f3 con arresto domiciliario. El deportista fue detenido el 10 [&hellip;]<\/p>\n","protected":false},"author":2,"featured_media":11276,"comment_status":"open","ping_status":"open","sticky":false,"template":"","format":"standard","meta":[],"categories":[48],"tags":[],"_links":{"self":[{"href":"https:\/\/pasaenmendoza.com\/index.php?rest_route=\/wp\/v2\/posts\/11275"}],"collection":[{"href":"https:\/\/pasaenmendoza.com\/index.php?rest_route=\/wp\/v2\/posts"}],"about":[{"href":"https:\/\/pasaenmendoza.com\/index.php?rest_route=\/wp\/v2\/types\/post"}],"author":[{"embeddable":true,"href":"https:\/\/pasaenmendoza.com\/index.php?rest_route=\/wp\/v2\/users\/2"}],"replies":[{"embeddable":true,"href":"https:\/\/pasaenmendoza.com\/index.php?rest_route=%2Fwp%2Fv2%2Fcomments&post=11275"}],"version-history":[{"count":1,"href":"https:\/\/pasaenmendoza.com\/index.php?rest_route=\/wp\/v2\/posts\/11275\/revisions"}],"predecessor-version":[{"id":11277,"href":"https:\/\/pasaenmendoza.com\/index.php?rest_route=\/wp\/v2\/posts\/11275\/revisions\/11277"}],"wp:featuredmedia":[{"embeddable":true,"href":"https:\/\/pasaenmendoza.com\/index.php?rest_route=\/wp\/v2\/media\/11276"}],"wp:attachment":[{"href":"https:\/\/pasaenmendoza.com\/index.php?rest_route=%2Fwp%2Fv2%2Fmedia&parent=11275"}],"wp:term":[{"taxonomy":"category","embeddable":true,"href":"https:\/\/pasaenmendoza.com\/index.php?rest_route=%2Fwp%2Fv2%2Fcategories&post=11275"},{"taxonomy":"post_tag","embeddable":true,"href":"https:\/\/pasaenmendoza.com\/index.php?rest_route=%2Fwp%2Fv2%2Ftags&post=11275"}],"curies":[{"name":"wp","href":"https:\/\/api.w.org\/{rel}","templated":true}]}}