{"id":11278,"date":"2025-01-28T19:17:30","date_gmt":"2025-01-28T18:17:30","guid":{"rendered":"https:\/\/pasaenmendoza.com\/?p=11278"},"modified":"2025-01-28T19:17:31","modified_gmt":"2025-01-28T18:17:31","slug":"mendoza-presentara-sus-lineamientos-educativos-2025-cuanto-falta-para-volver-a-la-escuela","status":"publish","type":"post","link":"https:\/\/pasaenmendoza.com\/?p=11278","title":{"rendered":"Mendoza presentar\u00e1 sus lineamientos educativos 2025: cu\u00e1nto falta para volver a la escuela"},"content":{"rendered":"\n<p>El pr\u00f3ximo&nbsp;<strong>lunes 3 de febrero<\/strong>, el ministro de Educaci\u00f3n, Cultura, Infancias y DGE,&nbsp;<strong>Tadeo Garc\u00eda Zalazar<\/strong>, encabezar\u00e1 el acto de presentaci\u00f3n de los&nbsp;<strong>lineamientos pol\u00edticos pedag\u00f3gicos<\/strong>&nbsp;para el ciclo lectivo 2025.<\/p>\n\n\n\n<p>El evento, que se desarrollar\u00eda en&nbsp;<strong>Tunuy\u00e1n<\/strong>,<strong>&nbsp;<\/strong>contar\u00e1 con la presencia de todo el equipo educativo de la Direcci\u00f3n General de Escuelas (DGE) y marcar\u00e1 el inicio de un a\u00f1o escolar que prioriza la intensificaci\u00f3n de saberes, el fortalecimiento de las trayectorias escolares y el cumplimiento de los&nbsp;<strong>190 d\u00edas de clases<\/strong>, establecidos por el Consejo Federal de Educaci\u00f3n.<\/p>\n\n\n\n<h2 class=\"wp-block-heading\" id=\"h-cronograma-clave-para-el-inicio-del-ciclo-lectivo\">Cronograma clave para el inicio del ciclo lectivo<\/h2>\n\n\n\n<ul>\n<li><strong>Jueves 6 de febrero<\/strong>: Los directores de las instituciones educativas iniciar\u00e1n los preparativos para el a\u00f1o escolar.<\/li>\n\n\n\n<li><strong>Mi\u00e9rcoles 10 de febrero<\/strong>: Comenzar\u00e1 el&nbsp;<strong>per\u00edodo de intensificaci\u00f3n de saberes<\/strong>&nbsp;y fortalecimiento de trayectorias escolares, destinado a estudiantes de nivel primario, secundario y Educaci\u00f3n Especial.<\/li>\n\n\n\n<li><strong>Lunes 24 de febrero<\/strong>: Inicio formal del ciclo lectivo 2025 para todos los niveles obligatorios.<\/li>\n<\/ul>\n\n\n\n<h2 class=\"wp-block-heading\" id=\"h-actividades-destacadas-y-evaluaciones\">Actividades destacadas y evaluaciones<\/h2>\n\n\n\n<p>El calendario escolar 2025, establecido mediante la&nbsp;<strong>Resoluci\u00f3n N\u00ba 2207<\/strong>, incluye fechas clave para evaluaciones y programas de mejora educativa:<\/p>\n\n\n\n<ul>\n<li><strong>12 de febrero<\/strong>: Primer examen del concurso de ascenso docente.<\/li>\n\n\n\n<li><strong>13 y 14 de febrero<\/strong>: Jornadas institucionales para docentes de todos los niveles y modalidades.<\/li>\n\n\n\n<li><strong>Marzo, agosto y octubre<\/strong>: Operativos de fluidez y comprensi\u00f3n lectora.<\/li>\n\n\n\n<li><strong>Septiembre<\/strong>: Participaci\u00f3n en el operativo de evaluaci\u00f3n ERCE.<\/li>\n\n\n\n<li><strong>Agosto y septiembre<\/strong>: Prueba PISA para estudiantes de 15 a\u00f1os.<\/li>\n\n\n\n<li><strong>Abril y noviembre<\/strong>: Implementaci\u00f3n del programa&nbsp;<em>Mendoza mejora aprendiendo matem\u00e1ticas<\/em>.<\/li>\n\n\n\n<li><strong>Noviembre<\/strong>: Pruebas Aprender.<\/li>\n<\/ul>\n\n\n\n<h2 class=\"wp-block-heading\" id=\"h-receso-invernal-y-finalizacion-del-ciclo\">Receso invernal y finalizaci\u00f3n del ciclo<\/h2>\n\n\n\n<ul>\n<li><strong>Del 7 al 20 de julio<\/strong>: Receso invernal.<\/li>\n\n\n\n<li><strong>Hasta el 5 de diciembre<\/strong>: Clases regulares para todos los estudiantes.<\/li>\n\n\n\n<li><strong>Del 6 al 19 de diciembre<\/strong>: Intensificaci\u00f3n de saberes para estudiantes con trayectorias d\u00e9biles.<\/li>\n\n\n\n<li><strong>22 de diciembre<\/strong>: Segundas jornadas institucionales para docentes.<\/li>\n\n\n\n<li><strong>23 de diciembre<\/strong>: Finalizaci\u00f3n de actividades para directores y supervisores.<\/li>\n\n\n\n<li><strong>26 de diciembre<\/strong>: Cierre de actividades acad\u00e9micas en el Nivel Superior.<\/li>\n<\/ul>\n\n\n\n<p><strong>Fuente: www.elsol.com.ar<\/strong><\/p>\n","protected":false},"excerpt":{"rendered":"<p>El pr\u00f3ximo&nbsp;lunes 3 de febrero, el ministro de Educaci\u00f3n, Cultura, Infancias y DGE,&nbsp;Tadeo Garc\u00eda Zalazar, encabezar\u00e1 el acto de presentaci\u00f3n de los&nbsp;lineamientos pol\u00edticos pedag\u00f3gicos&nbsp;para el ciclo lectivo 2025. El evento, que se desarrollar\u00eda en&nbsp;Tunuy\u00e1n,&nbsp;contar\u00e1 con la presencia de todo el equipo educativo de la Direcci\u00f3n General de Escuelas (DGE) y marcar\u00e1 el inicio de un [&hellip;]<\/p>\n","protected":false},"author":2,"featured_media":11279,"comment_status":"open","ping_status":"open","sticky":false,"template":"","format":"standard","meta":[],"categories":[56],"tags":[],"_links":{"self":[{"href":"https:\/\/pasaenmendoza.com\/index.php?rest_route=\/wp\/v2\/posts\/11278"}],"collection":[{"href":"https:\/\/pasaenmendoza.com\/index.php?rest_route=\/wp\/v2\/posts"}],"about":[{"href":"https:\/\/pasaenmendoza.com\/index.php?rest_route=\/wp\/v2\/types\/post"}],"author":[{"embeddable":true,"href":"https:\/\/pasaenmendoza.com\/index.php?rest_route=\/wp\/v2\/users\/2"}],"replies":[{"embeddable":true,"href":"https:\/\/pasaenmendoza.com\/index.php?rest_route=%2Fwp%2Fv2%2Fcomments&post=11278"}],"version-history":[{"count":1,"href":"https:\/\/pasaenmendoza.com\/index.php?rest_route=\/wp\/v2\/posts\/11278\/revisions"}],"predecessor-version":[{"id":11280,"href":"https:\/\/pasaenmendoza.com\/index.php?rest_route=\/wp\/v2\/posts\/11278\/revisions\/11280"}],"wp:featuredmedia":[{"embeddable":true,"href":"https:\/\/pasaenmendoza.com\/index.php?rest_route=\/wp\/v2\/media\/11279"}],"wp:attachment":[{"href":"https:\/\/pasaenmendoza.com\/index.php?rest_route=%2Fwp%2Fv2%2Fmedia&parent=11278"}],"wp:term":[{"taxonomy":"category","embeddable":true,"href":"https:\/\/pasaenmendoza.com\/index.php?rest_route=%2Fwp%2Fv2%2Fcategories&post=11278"},{"taxonomy":"post_tag","embeddable":true,"href":"https:\/\/pasaenmendoza.com\/index.php?rest_route=%2Fwp%2Fv2%2Ftags&post=11278"}],"curies":[{"name":"wp","href":"https:\/\/api.w.org\/{rel}","templated":true}]}}