{"id":11281,"date":"2025-01-28T19:21:54","date_gmt":"2025-01-28T18:21:54","guid":{"rendered":"https:\/\/pasaenmendoza.com\/?p=11281"},"modified":"2025-01-28T19:21:55","modified_gmt":"2025-01-28T18:21:55","slug":"el-dato-que-posiciona-a-mendoza-como-uno-de-los-destinos-turisticos-mas-elegidos-por-los-extranjeros","status":"publish","type":"post","link":"https:\/\/pasaenmendoza.com\/?p=11281","title":{"rendered":"El dato que posiciona a Mendoza como uno de los destinos tur\u00edsticos m\u00e1s elegidos por los extranjeros"},"content":{"rendered":"\n<p>Seg\u00fan el Instituto Nacional de Estad\u00edstica y Censos (Indec),&nbsp;<strong>en 2024 Mendoza fue la segunda provincia del pa\u00eds en recibir, v\u00eda a\u00e9rea, mayor cantidad de turistas internacionales.<\/strong><\/p>\n\n\n\n<p>En el informe Estad\u00edsticas de Turismo Internacional (ETI), el Aeropuerto Internacional El Plumerillo se ubica luego de Ezeiza y Aeroparque. En total, fueron&nbsp;<strong>174 mil turistas los que llegaron a la provincia<\/strong>&nbsp;el \u00faltimo a\u00f1o.<\/p>\n\n\n\n<p>Antes, est\u00e1 Buenos Aires, que recibi\u00f3 a 2.524.400 turistas en 2024. Detr\u00e1s de Mendoza sigue C\u00f3rdoba, con un promedio que marca el ingreso de 61,8 mil extranjeros por su aeropuerto.<\/p>\n\n\n\n<figure class=\"wp-block-image\"><img decoding=\"async\" src=\"https:\/\/i0.wp.com\/www.elsol.com.ar\/wp-content\/uploads\/2025\/01\/Captura-de-pantalla-2025-01-28-112743.png?resize=664%2C841&amp;ssl=1\" alt=\"\" class=\"wp-image-2057497\"\/><\/figure>\n\n\n\n<p>Adem\u00e1s, la provincia es la que registr\u00f3 la&nbsp;<strong>variaci\u00f3n interanual m\u00e1s elevada del pa\u00eds<\/strong>: 99,4% en 2023 y 13,7% en 2024.<\/p>\n\n\n\n<h2 class=\"wp-block-heading\" id=\"h-la-eleccion-de-los-turistas\">La elecci\u00f3n de los turistas<\/h2>\n\n\n\n<p>En el&nbsp;<strong>\u00faltimo trimestre de 2024<\/strong>, por el Aeropuerto Internacional de Mendoza entraron 42,1 miles de turistas no residentes, con un aumento de 4,3% en relaci\u00f3n con el cuarto trimestre de 2023.<\/p>\n\n\n\n<p>De esta forma, se registraron 29,8 miles de turistas residentes, 46,7% m\u00e1s que en igual per\u00edodo de 2023.&nbsp;<strong>El saldo fue positivo en 12,4 miles.<\/strong><\/p>\n\n\n\n<p>Los&nbsp;<strong>brasileros<\/strong>&nbsp;fueron los que arribaron en mayor medida, y luego, los chilenos.<\/p>\n\n\n\n<figure class=\"wp-block-image\"><img decoding=\"async\" src=\"https:\/\/i0.wp.com\/www.elsol.com.ar\/wp-content\/uploads\/2025\/01\/Captura-de-pantalla-2025-01-28-112857.png?resize=687%2C251&amp;ssl=1\" alt=\"\" class=\"wp-image-2057500\"\/><\/figure>\n\n\n\n<p>El principal motivo de viaje fue&nbsp;<strong>vacaciones<\/strong>, con una<strong>&nbsp;estad\u00eda promedio de 7,8 d\u00edas<\/strong>. La categor\u00eda&nbsp;<strong>\u201cHoteles 4 y 5 estrellas\u201d<\/strong>&nbsp;fue la m\u00e1s elegida, seguida por el alquiler de casa o departamento.<\/p>\n\n\n\n<p><strong>Asistencia a espacios culturales, actividades gastron\u00f3micas, compras y enoturismo&nbsp;<\/strong>fueron las actividades seleccionadas por los turistas para divertirse en Mendoza.<\/p>\n\n\n\n<p>Por otro lado, el<strong>&nbsp;gasto diario promedio<\/strong>&nbsp;fue de<strong>&nbsp;126,2 d\u00f3lares<\/strong>, aunque los residentes de Brasil superaron el n\u00famero, alcanzando los 176,7 d\u00f3lares por d\u00eda.<\/p>\n\n\n\n<figure class=\"wp-block-image\"><img decoding=\"async\" src=\"https:\/\/i0.wp.com\/www.elsol.com.ar\/wp-content\/uploads\/2025\/01\/Captura-de-pantalla-2025-01-28-122745.png?resize=682%2C461&amp;ssl=1\" alt=\"\" class=\"wp-image-2057525\"\/><\/figure>\n\n\n\n<h2 class=\"wp-block-heading\" id=\"h-calificacion-a-los-servicios-mendocinos\">Calificaci\u00f3n a los servicios mendocinos<\/h2>\n\n\n\n<p>En una de las encuestas realizadas, se le consult\u00f3 a los visitantes por la<strong>&nbsp;calidad de los servicios ofrecidos en Argentina<\/strong>. La misma incluy\u00f3: estad\u00eda en general, seguridad, higiene, informaci\u00f3n tur\u00edstica en destino, servicios de gastronom\u00eda, alojamiento, alquiler de autos, transporte de larga distancia (interurbano), a\u00e9reo de cabotaje, transporte interno, y traslados al aeropuerto.<\/p>\n\n\n\n<p><strong>\u201cEstad\u00eda en general\u201d<\/strong>&nbsp;fue la que obtuvo la mayor calificaci\u00f3n promedio a nivel pa\u00eds, con 4,7 puntos, siendo 5 el puntaje m\u00e1s elevado. Sin embargo,&nbsp;<strong>el aeropuerto de Mendoza tuvo un promedio superior, con 4,9 puntos.<\/strong><\/p>\n\n\n\n<figure class=\"wp-block-image\"><img decoding=\"async\" src=\"https:\/\/i0.wp.com\/www.elsol.com.ar\/wp-content\/uploads\/2025\/01\/Captura-de-pantalla-2025-01-28-124359.png?resize=615%2C488&amp;ssl=1\" alt=\"\" class=\"wp-image-2057526\"\/><\/figure>\n\n\n\n<p><strong>\u201cHigiene\u201d<\/strong>&nbsp;fue otro de los aspectos en los que resalt\u00f3 la provincia. Mientras que el promedio del pa\u00eds fue de 4,1 puntos (la menor calificaci\u00f3n promedio), los turistas que utilizaron el Aeropuerto El Plumerillo lo puntuaron con<strong>&nbsp;4,7.<\/strong><\/p>\n\n\n\n<p>Por su parte,&nbsp;<strong>transporte de larga distancia<\/strong>&nbsp;fue aquello que los extranjeros le dieron menor puntaje en la provincia.<\/p>\n\n\n\n<h2 class=\"wp-block-heading\" id=\"h-ampliacion-del-aeropuerto\">Ampliaci\u00f3n del aeropuerto<\/h2>\n\n\n\n<p>En 2024, previo a la Fiesta Nacional de la Vendimia, Alfredo Cornejo anunci\u00f3 la ampliaci\u00f3n del aeropuerto. En ese entonces, el mandatario coment\u00f3 que la concesionaria,\u00a0Aeropuertos Argentina 2000, prev\u00e9 una inversi\u00f3n de alrededor de 70 millones de d\u00f3lares.<\/p>\n\n\n\n<p>Dichas obras permitir\u00edan que la capacidad que tiene actualmente el aeropuerto se duplique y que pase de tres mangas a cinco. Sin embargo, el proyecto incluye otras dos posiciones remotas, lo que llevar\u00eda a siete puntos de embarque.<\/p>\n\n\n\n<p>Sin fecha anunciada de inicio de las obras, a finales de octubre pasado, el secretario de Turismo, Deportes y Ambiente de la Naci\u00f3n, Daniel Scioli, estuvo en la provincia y garantiz\u00f3<em>\u00a0<\/em>su compromiso<em>\u00a0\u201ccon el Gobernador a ayudar en la infraestructura del aeropuerto de Mendoza y adecuarlo a la demanda nacional e internacional<\/em>\u201c.<\/p>\n\n\n\n<p><strong>Fuente: www.elsol.com.ar<\/strong><\/p>\n","protected":false},"excerpt":{"rendered":"<p>Seg\u00fan el Instituto Nacional de Estad\u00edstica y Censos (Indec),&nbsp;en 2024 Mendoza fue la segunda provincia del pa\u00eds en recibir, v\u00eda a\u00e9rea, mayor cantidad de turistas internacionales. En el informe Estad\u00edsticas de Turismo Internacional (ETI), el Aeropuerto Internacional El Plumerillo se ubica luego de Ezeiza y Aeroparque. En total, fueron&nbsp;174 mil turistas los que llegaron a [&hellip;]<\/p>\n","protected":false},"author":2,"featured_media":11282,"comment_status":"open","ping_status":"open","sticky":false,"template":"","format":"standard","meta":[],"categories":[64],"tags":[],"_links":{"self":[{"href":"https:\/\/pasaenmendoza.com\/index.php?rest_route=\/wp\/v2\/posts\/11281"}],"collection":[{"href":"https:\/\/pasaenmendoza.com\/index.php?rest_route=\/wp\/v2\/posts"}],"about":[{"href":"https:\/\/pasaenmendoza.com\/index.php?rest_route=\/wp\/v2\/types\/post"}],"author":[{"embeddable":true,"href":"https:\/\/pasaenmendoza.com\/index.php?rest_route=\/wp\/v2\/users\/2"}],"replies":[{"embeddable":true,"href":"https:\/\/pasaenmendoza.com\/index.php?rest_route=%2Fwp%2Fv2%2Fcomments&post=11281"}],"version-history":[{"count":1,"href":"https:\/\/pasaenmendoza.com\/index.php?rest_route=\/wp\/v2\/posts\/11281\/revisions"}],"predecessor-version":[{"id":11283,"href":"https:\/\/pasaenmendoza.com\/index.php?rest_route=\/wp\/v2\/posts\/11281\/revisions\/11283"}],"wp:featuredmedia":[{"embeddable":true,"href":"https:\/\/pasaenmendoza.com\/index.php?rest_route=\/wp\/v2\/media\/11282"}],"wp:attachment":[{"href":"https:\/\/pasaenmendoza.com\/index.php?rest_route=%2Fwp%2Fv2%2Fmedia&parent=11281"}],"wp:term":[{"taxonomy":"category","embeddable":true,"href":"https:\/\/pasaenmendoza.com\/index.php?rest_route=%2Fwp%2Fv2%2Fcategories&post=11281"},{"taxonomy":"post_tag","embeddable":true,"href":"https:\/\/pasaenmendoza.com\/index.php?rest_route=%2Fwp%2Fv2%2Ftags&post=11281"}],"curies":[{"name":"wp","href":"https:\/\/api.w.org\/{rel}","templated":true}]}}