{"id":11284,"date":"2025-01-28T19:34:10","date_gmt":"2025-01-28T18:34:10","guid":{"rendered":"https:\/\/pasaenmendoza.com\/?p=11284"},"modified":"2025-01-28T19:34:10","modified_gmt":"2025-01-28T18:34:10","slug":"debido-a-un-viaje-al-exterior-del-gobernador-la-bendicion-de-los-frutos-se-adelanto","status":"publish","type":"post","link":"https:\/\/pasaenmendoza.com\/?p=11284","title":{"rendered":"Debido a un viaje al exterior del gobernador, la Bendici\u00f3n de los Frutos se adelant\u00f3"},"content":{"rendered":"\n<p>La\u00a0<strong>Bendici\u00f3n de los Frutos<\/strong>\u00a0este a\u00f1o no se realizar\u00e1 un domingo, como es costumbre, sino el s\u00e1bado 1 de marzo. Este cambio de fecha se debe a la agenda del\u00a0<strong>gobernador Alfredo Cornejo<\/strong>, cuya figura encabeza el acto ecum\u00e9nico con su golpe de reja que da inicio a la semana de la\u00a0<strong>vendimia\u00a0<\/strong>en Mendoza.<\/p>\n\n\n\n<p>Un viaje internacional previsto para esos d\u00edas pod\u00eda poner en riesgo la presencia de&nbsp;<strong>Cornejo&nbsp;<\/strong>en la&nbsp;<strong>Bendici\u00f3n de los Frutos<\/strong>&nbsp;que estaba estipulada para el domingo 2 de marzo en el Parque San Vicente de Godoy Cruz.<\/p>\n\n\n\n<p>Por este motivo, desde el \u00e1rea de Cultura provincial decidieron adelantar el\u00a0<strong>evento vendimial\u00a0<\/strong>un d\u00eda y se realizar\u00e1 en el mismo predio pero el s\u00e1bado 1 de marzo.<\/p>\n\n\n\n<p>&#8220;El cambio se debe a la agenda del&nbsp;<strong>gobernador<\/strong>. Hay un viaje internacional y las combinaciones de vuelo hac\u00edan peligrar la presencia del&nbsp;<strong>mandatario&nbsp;<\/strong>en el acto. Por tal motivo no nos qued\u00f3 opci\u00f3n que cambiar la fecha&#8221;, argument\u00f3 el subsecretario de Cultura, Diego Gareca.<\/p>\n\n\n\n<p>El funcionario record\u00f3 que &#8220;es el gobernador el protagonista de la&nbsp;<strong>Bendici\u00f3n de Frutos<\/strong>, con el ya tradicional golpe de reja&#8221; que pone en marcha la semana de la&nbsp;<strong>Fiesta Nacional de la Vendimia<\/strong>&nbsp;cada a\u00f1o. Y revel\u00f3 que el viaje al exterior de Cornejo inicia ese domingo 2 de marzo por la madrugada.<\/p>\n\n\n\n<h2 class=\"wp-block-heading\">Tras el cambio en la Bendici\u00f3n de los Frutos, \u00bfC\u00f3mo sigue la Vendimia?<\/h2>\n\n\n\n<p>Gareca asegur\u00f3 que no habr\u00e1 otra modificaci\u00f3n en\u00a0la agenda de la\u00a0<strong>Vendimia 2025<\/strong>, por lo menos en cuanto a lo organizativo. Claro que cualquier evento puede ser suspendido o hasta cancelado por inclemencias del tiempo. Y dijo que de por s\u00ed &#8220;es complejo resolver las combinaciones de vuelo&#8221; para que se ajusten al calendario de la\u00a0<strong>Vendimia<\/strong>.<\/p>\n\n\n\n<p>Por todo lo dem\u00e1s, las fechas de la Fiesta de la Cosecha, la V\u00eda Blanca, el Carrusel, el Acto Central y la Repetici\u00f3n de la\u00a0<strong>Vendimia 2025<\/strong>\u00a0se mantienen.<\/p>\n\n\n\n<p>El cronograma final de la celebraci\u00f3n m\u00e1s importante de la provincia iniciar\u00e1 entonces el s\u00e1bado 1 de marzo con la&nbsp;<strong>Bendici\u00f3n de los Frutos<\/strong>, cuyo escenario este a\u00f1o ser\u00e1 en el Parque San Vicente de Godoy Cruz.<\/p>\n\n\n\n<p>Este acto, en el que se recibe el vino nuevo con gratitud por los frutos de la tierra y esperanza para la nueva cosecha y que tiene a la Virgen de la Carrodilla como protagonista, contar\u00e1 con la direcci\u00f3n de H\u00e9ctor Gomina y el guion del popular&nbsp;<strong>artista vendimial<\/strong>&nbsp;Rafael &#8220;Golondrina&#8221; Ruiz.<\/p>\n\n\n\n<p>Luego, el mi\u00e9rcoles 5 se realizar\u00e1 la&nbsp;<strong>Fiesta de la Cosecha<\/strong>&nbsp;en los vi\u00f1edos del aeropuerto local. El viernes 7 ser\u00e1 la noche de la V\u00eda Blanca por las calles de la Ciudad, que tendr\u00e1 su correlato con sol el s\u00e1bado 8 por la ma\u00f1ana con el Carrusel.<\/p>\n\n\n\n<h2 class=\"wp-block-heading\">La Fiesta de la Vendimia 2025 ya est\u00e1 en marcha<\/h2>\n\n\n\n<p>En tanto, la\u00a0<strong>Fiesta Nacional de la Vendimia 2025<\/strong>\u00a0que\u00a0lleva por nombre &#8220;Guardiana del vino eterno&#8221;\u00a0llegar\u00e1 al teatro Frank Romero Day el s\u00e1bado 8 de marzo. Tras el Acto Central se har\u00e1 la elecci\u00f3n de la Reina y la Virreina Nacional de la\u00a0<strong>Vendimia 2025<\/strong>.<\/p>\n\n\n\n<p>Para el domingo 9 quedar\u00e1 la \u00fanica Repetici\u00f3n de la fiesta en el teatro griego. Y el lunes 10 se confirm\u00f3 que har\u00e1 un recital de un artista nacional, pero no incluir\u00e1 el espect\u00e1culo de la\u00a0<strong>Vendimia<\/strong>.<\/p>\n\n\n\n<p>Las entradas para turistas que quieran asistir a&nbsp;<strong>&#8220;Guardiana del vino eterno&#8221;<\/strong>&nbsp;ya est\u00e1n disponibles a trav\u00e9s de la plataforma Entrada Web. Los precios van de $32.000 a $50.000, seg\u00fan ubicaci\u00f3n.<\/p>\n\n\n\n<p>En cambio, los mendocinos que quieran asistir a la\u00a0<strong>Fiesta de la Vendimia\u00a0<\/strong>conseguir\u00e1n sus tickets a precios m\u00e1s accesibles, a partir del mi\u00e9rcoles 12 de febrero y tambi\u00e9n por ese sitio web.<\/p>\n\n\n\n<p><strong>Fuente: www.diariouno.com.ar<\/strong><\/p>\n","protected":false},"excerpt":{"rendered":"<p>La\u00a0Bendici\u00f3n de los Frutos\u00a0este a\u00f1o no se realizar\u00e1 un domingo, como es costumbre, sino el s\u00e1bado 1 de marzo. Este cambio de fecha se debe a la agenda del\u00a0gobernador Alfredo Cornejo, cuya figura encabeza el acto ecum\u00e9nico con su golpe de reja que da inicio a la semana de la\u00a0vendimia\u00a0en Mendoza. Un viaje internacional previsto [&hellip;]<\/p>\n","protected":false},"author":2,"featured_media":11285,"comment_status":"open","ping_status":"open","sticky":false,"template":"","format":"standard","meta":[],"categories":[74],"tags":[],"_links":{"self":[{"href":"https:\/\/pasaenmendoza.com\/index.php?rest_route=\/wp\/v2\/posts\/11284"}],"collection":[{"href":"https:\/\/pasaenmendoza.com\/index.php?rest_route=\/wp\/v2\/posts"}],"about":[{"href":"https:\/\/pasaenmendoza.com\/index.php?rest_route=\/wp\/v2\/types\/post"}],"author":[{"embeddable":true,"href":"https:\/\/pasaenmendoza.com\/index.php?rest_route=\/wp\/v2\/users\/2"}],"replies":[{"embeddable":true,"href":"https:\/\/pasaenmendoza.com\/index.php?rest_route=%2Fwp%2Fv2%2Fcomments&post=11284"}],"version-history":[{"count":1,"href":"https:\/\/pasaenmendoza.com\/index.php?rest_route=\/wp\/v2\/posts\/11284\/revisions"}],"predecessor-version":[{"id":11286,"href":"https:\/\/pasaenmendoza.com\/index.php?rest_route=\/wp\/v2\/posts\/11284\/revisions\/11286"}],"wp:featuredmedia":[{"embeddable":true,"href":"https:\/\/pasaenmendoza.com\/index.php?rest_route=\/wp\/v2\/media\/11285"}],"wp:attachment":[{"href":"https:\/\/pasaenmendoza.com\/index.php?rest_route=%2Fwp%2Fv2%2Fmedia&parent=11284"}],"wp:term":[{"taxonomy":"category","embeddable":true,"href":"https:\/\/pasaenmendoza.com\/index.php?rest_route=%2Fwp%2Fv2%2Fcategories&post=11284"},{"taxonomy":"post_tag","embeddable":true,"href":"https:\/\/pasaenmendoza.com\/index.php?rest_route=%2Fwp%2Fv2%2Ftags&post=11284"}],"curies":[{"name":"wp","href":"https:\/\/api.w.org\/{rel}","templated":true}]}}