{"id":11296,"date":"2025-01-29T13:20:49","date_gmt":"2025-01-29T12:20:49","guid":{"rendered":"https:\/\/pasaenmendoza.com\/?p=11296"},"modified":"2025-01-29T13:20:50","modified_gmt":"2025-01-29T12:20:50","slug":"arranca-una-ola-de-calor-en-mendoza-con-maximas-que-llegarian-a-los-39-grados","status":"publish","type":"post","link":"https:\/\/pasaenmendoza.com\/?p=11296","title":{"rendered":"Arranca una ola de calor en Mendoza, con m\u00e1ximas que llegar\u00edan a los 39 grados"},"content":{"rendered":"\n<p>Enero se despide con una&nbsp;<strong>ola de calor sofocante<\/strong>, con temperaturas m\u00ednimas y m\u00e1ximas muy elevadas. Para este mi\u00e9rcoles, la Direcci\u00f3n de Contingencias Clim\u00e1ticas indica en el Gran Mendoza: \u201cNubosidad variable con ascenso de la temperatura, vientos moderados del noreste\u201d.<\/p>\n\n\n\n<p>Adem\u00e1s, se pronostican&nbsp;<strong>tormentas aisladas hacia la noche<\/strong>&nbsp;y precipitaciones en cordillera.&nbsp;<strong>La m\u00ednima ser\u00e1 de 20 grados y la m\u00e1xima llegar\u00e1 a los 35.<\/strong><\/p>\n\n\n\n<p>Para el\u00a0<strong>jueves\u00a0<\/strong>se pronostica: \u201cCaluroso con poca nubosidad, vientos moderados del noreste\u201d. La temperatura m\u00ednima ser\u00e1 de 22 grados y la m\u00e1xima ascender\u00e1 a los 36.<\/p>\n\n\n\n<p>El&nbsp;<strong>viernes<\/strong>, \u00faltimo d\u00eda de enero, continuar\u00e1 el calor, habr\u00e1 vientos moderados del noreste y precipitaciones en alta cordillera.&nbsp;<strong>La m\u00ednima subir\u00e1 a los 23 grados y la m\u00e1xima ser\u00e1 de 37.<\/strong><\/p>\n\n\n\n<p>En tanto, durante el\u00a0<strong>s\u00e1bado 1 de febrero\u00a0<\/strong>se prev\u00e9 una jornada infernal, con poca nubosidad, una m\u00ednima de 24 grados y<strong>\u00a0una m\u00e1xima que llegar\u00e1 a los 39.<\/strong><\/p>\n\n\n\n<p><strong>Fuente: www.elsol.com.ar<\/strong><\/p>\n","protected":false},"excerpt":{"rendered":"<p>Enero se despide con una&nbsp;ola de calor sofocante, con temperaturas m\u00ednimas y m\u00e1ximas muy elevadas. Para este mi\u00e9rcoles, la Direcci\u00f3n de Contingencias Clim\u00e1ticas indica en el Gran Mendoza: \u201cNubosidad variable con ascenso de la temperatura, vientos moderados del noreste\u201d. Adem\u00e1s, se pronostican&nbsp;tormentas aisladas hacia la noche&nbsp;y precipitaciones en cordillera.&nbsp;La m\u00ednima ser\u00e1 de 20 grados y [&hellip;]<\/p>\n","protected":false},"author":2,"featured_media":11297,"comment_status":"open","ping_status":"open","sticky":false,"template":"","format":"standard","meta":[],"categories":[52],"tags":[],"_links":{"self":[{"href":"https:\/\/pasaenmendoza.com\/index.php?rest_route=\/wp\/v2\/posts\/11296"}],"collection":[{"href":"https:\/\/pasaenmendoza.com\/index.php?rest_route=\/wp\/v2\/posts"}],"about":[{"href":"https:\/\/pasaenmendoza.com\/index.php?rest_route=\/wp\/v2\/types\/post"}],"author":[{"embeddable":true,"href":"https:\/\/pasaenmendoza.com\/index.php?rest_route=\/wp\/v2\/users\/2"}],"replies":[{"embeddable":true,"href":"https:\/\/pasaenmendoza.com\/index.php?rest_route=%2Fwp%2Fv2%2Fcomments&post=11296"}],"version-history":[{"count":1,"href":"https:\/\/pasaenmendoza.com\/index.php?rest_route=\/wp\/v2\/posts\/11296\/revisions"}],"predecessor-version":[{"id":11298,"href":"https:\/\/pasaenmendoza.com\/index.php?rest_route=\/wp\/v2\/posts\/11296\/revisions\/11298"}],"wp:featuredmedia":[{"embeddable":true,"href":"https:\/\/pasaenmendoza.com\/index.php?rest_route=\/wp\/v2\/media\/11297"}],"wp:attachment":[{"href":"https:\/\/pasaenmendoza.com\/index.php?rest_route=%2Fwp%2Fv2%2Fmedia&parent=11296"}],"wp:term":[{"taxonomy":"category","embeddable":true,"href":"https:\/\/pasaenmendoza.com\/index.php?rest_route=%2Fwp%2Fv2%2Fcategories&post=11296"},{"taxonomy":"post_tag","embeddable":true,"href":"https:\/\/pasaenmendoza.com\/index.php?rest_route=%2Fwp%2Fv2%2Ftags&post=11296"}],"curies":[{"name":"wp","href":"https:\/\/api.w.org\/{rel}","templated":true}]}}