{"id":11303,"date":"2025-01-29T13:51:16","date_gmt":"2025-01-29T12:51:16","guid":{"rendered":"https:\/\/pasaenmendoza.com\/?p=11303"},"modified":"2025-01-29T13:51:16","modified_gmt":"2025-01-29T12:51:16","slug":"un-camion-desbarranco-en-la-ruta-7-y-quedo-colgando-de-un-puente","status":"publish","type":"post","link":"https:\/\/pasaenmendoza.com\/?p=11303","title":{"rendered":"Un cami\u00f3n desbarranc\u00f3 en la Ruta 7 y qued\u00f3 colgando de un puente"},"content":{"rendered":"\n<p>Un cami\u00f3n qued\u00f3 colgado en un puente sobre la\u00a0<strong>Ruta 7\u00a0<\/strong>y las fotos son dignas de una escena de una pel\u00edcula de acci\u00f3n. Pese a la gravedad del incidente, el camionero tuvo lesiones leves y no presentaba alcohol en sangre.<\/p>\n\n\n\n<p>Cerca de las 17, ingres\u00f3 un llamado al 911y se inform\u00f3 que un&nbsp;<strong>cami\u00f3n&nbsp;<\/strong>Mercedes Benz hab\u00eda desbarrancado a un kil\u00f3metro de la Aduana Argentina, con direcci\u00f3n a Penitentes, sin involucrar a terceros.<\/p>\n\n\n\n<p>Personal policial entrevist\u00f3 al conductor, quien manifest\u00f3 haber perdido el dominio del\u00a0<strong>cami\u00f3n\u00a0<\/strong>mientras circulaba por la\u00a0<strong>RN 7<\/strong>\u00a0con direcci\u00f3n a Mendoza, lo que provoc\u00f3 que el veh\u00edculo, que transportaba un semi vac\u00edo, cayera al R\u00edo Penitentes.<\/p>\n\n\n\n<p>El\u00a0<strong>conductor\u00a0<\/strong>fue atendido por personal del SEC, donde se le diagnostic\u00f3 traumatismo leve en el brazo izquierdo. Se realiz\u00f3 dosaje de alcoholemia con resultado negativo. Por directivas del Ayudante Fiscal se efectu\u00f3 un acta de procedimiento, dosaje de alcoholemia y pericias a cargo de la Guardia Urbana e intervino Oficina Fiscal N\u00b0 1.<\/p>\n\n\n\n<p><strong>Fuente: www.diariouno.com.ar<\/strong><\/p>\n","protected":false},"excerpt":{"rendered":"<p>Un cami\u00f3n qued\u00f3 colgado en un puente sobre la\u00a0Ruta 7\u00a0y las fotos son dignas de una escena de una pel\u00edcula de acci\u00f3n. Pese a la gravedad del incidente, el camionero tuvo lesiones leves y no presentaba alcohol en sangre. Cerca de las 17, ingres\u00f3 un llamado al 911y se inform\u00f3 que un&nbsp;cami\u00f3n&nbsp;Mercedes Benz hab\u00eda desbarrancado [&hellip;]<\/p>\n","protected":false},"author":2,"featured_media":11304,"comment_status":"open","ping_status":"open","sticky":false,"template":"","format":"standard","meta":[],"categories":[48],"tags":[],"_links":{"self":[{"href":"https:\/\/pasaenmendoza.com\/index.php?rest_route=\/wp\/v2\/posts\/11303"}],"collection":[{"href":"https:\/\/pasaenmendoza.com\/index.php?rest_route=\/wp\/v2\/posts"}],"about":[{"href":"https:\/\/pasaenmendoza.com\/index.php?rest_route=\/wp\/v2\/types\/post"}],"author":[{"embeddable":true,"href":"https:\/\/pasaenmendoza.com\/index.php?rest_route=\/wp\/v2\/users\/2"}],"replies":[{"embeddable":true,"href":"https:\/\/pasaenmendoza.com\/index.php?rest_route=%2Fwp%2Fv2%2Fcomments&post=11303"}],"version-history":[{"count":1,"href":"https:\/\/pasaenmendoza.com\/index.php?rest_route=\/wp\/v2\/posts\/11303\/revisions"}],"predecessor-version":[{"id":11305,"href":"https:\/\/pasaenmendoza.com\/index.php?rest_route=\/wp\/v2\/posts\/11303\/revisions\/11305"}],"wp:featuredmedia":[{"embeddable":true,"href":"https:\/\/pasaenmendoza.com\/index.php?rest_route=\/wp\/v2\/media\/11304"}],"wp:attachment":[{"href":"https:\/\/pasaenmendoza.com\/index.php?rest_route=%2Fwp%2Fv2%2Fmedia&parent=11303"}],"wp:term":[{"taxonomy":"category","embeddable":true,"href":"https:\/\/pasaenmendoza.com\/index.php?rest_route=%2Fwp%2Fv2%2Fcategories&post=11303"},{"taxonomy":"post_tag","embeddable":true,"href":"https:\/\/pasaenmendoza.com\/index.php?rest_route=%2Fwp%2Fv2%2Ftags&post=11303"}],"curies":[{"name":"wp","href":"https:\/\/api.w.org\/{rel}","templated":true}]}}