{"id":1131,"date":"2023-09-01T15:35:00","date_gmt":"2023-09-01T13:35:00","guid":{"rendered":"https:\/\/pasaenmendoza.com\/?p=1131"},"modified":"2023-09-01T15:35:00","modified_gmt":"2023-09-01T13:35:00","slug":"el-gobierno-provincial-responsabilizo-a-la-nacion-por-bajos-aranceles-que-cobran-los-medicos","status":"publish","type":"post","link":"https:\/\/pasaenmendoza.com\/?p=1131","title":{"rendered":"El gobierno provincial responsabiliz\u00f3 a la Naci\u00f3n por bajos aranceles que cobran los m\u00e9dicos"},"content":{"rendered":"\n<p>El\u00a0<strong>conflicto entre los m\u00e9dicos prestadores y las empresas de medicina prepaga<\/strong>\u00a0amenaza con profundizarse. Es que los profesionales de la salud se plantaron ante el escaso valor de las consultas que las prepagas les reintegran y decidieron comenzar a\u00a0<strong>cobrar un copago<\/strong>\u00a0a partir de septiembre.<\/p>\n\n\n\n<p>Ante esta problem\u00e1tica, el&nbsp;<strong>subsecretario de Salud de la Provincia, Oscar Sag\u00e1s,<\/strong>&nbsp;en di\u00e1logo con radio Nihuil, dijo que el&nbsp;<strong>responsable<\/strong>&nbsp;de que esto suceda es el&nbsp;<strong>Ministerio de Salud de la Naci\u00f3n<\/strong>, ya que es el organismo de aplicaci\u00f3n de la Ley de Medicina Prepaga y&nbsp;<strong>el que tiene&nbsp;<\/strong>la responsabilidad de&nbsp;<strong>fijar los valores m\u00ednimos<\/strong>&nbsp;que estas empresas deben pagar&nbsp;<strong>por consulta<\/strong>.<\/p>\n\n\n\n<p>En la actualidad,<strong>\u00a0este valor es de 1.267 pesos<\/strong>, cifra que Sag\u00e1s consider\u00f3 baj\u00edsima para los tiempos que corren y para las condiciones macroecon\u00f3micas del pa\u00eds.<\/p>\n\n\n\n<h2 class=\"wp-block-heading\">Por qu\u00e9 el Ministerio de Salud de la Naci\u00f3n es responsable de lo que se paga<\/h2>\n\n\n\n<p>Oscar Sag\u00e1s explic\u00f3 que, seg\u00fan el art\u00edculo 18 de la ley de Medicina Prepaga (26.682), es el Ministerio de Salud de la Naci\u00f3n -organismo de aplicaci\u00f3n de la legislaci\u00f3n- quien debe fijar los&nbsp;<strong>aranceles m\u00ednimos<\/strong>&nbsp;para el desarrollo eficiente prestadores p\u00fablicos y privados.<\/p>\n\n\n\n<p>Adem\u00e1s, explic\u00f3 que seg\u00fan la resoluci\u00f3n 1.923, que data del a\u00f1o 2011, se determina que para colocar estos aranceles se tomar\u00e1 en consideraci\u00f3n el nomenclador de prestadores de salud del hospital p\u00fablico de gesti\u00f3n descentralizada.<\/p>\n\n\n\n<p>Ese nomenclador,<strong>\u00a0por una resoluci\u00f3n de este a\u00f1o del Ministerio de Salud de la Naci\u00f3n (la 914\/23),\u00a0<\/strong>establece el valor de la consulta en\u00a0<strong>1.267 pesos.<\/strong><\/p>\n\n\n\n<p><strong>A partir de ese piso, las prepagas empiezan a negociar con los prestadores.<\/strong>&nbsp;Sin embargo, Andrea Mart\u00edn, la representante de la&nbsp;<strong>Asociaci\u00f3n de cl\u00ednicos Internistas de Mendoza (ACIM)<\/strong>, asegur\u00f3 que ninguna prepaga abona una cifra mayor a los 3.500 pesos por prestaci\u00f3n.<\/p>\n\n\n\n<p>Al respecto, Sag\u00e1s asegur\u00f3<strong>&nbsp;&#8220;es el propio Ministerio de Salud de la Naci\u00f3n el que est\u00e1 incentivando a que las obras sociales le paguen a los m\u00e9dicos aranceles paup\u00e9rrimos&#8221;.<\/strong><\/p>\n\n\n\n<h2 class=\"wp-block-heading\">Qu\u00e9 pasa con el traslado de los incrementos de las cuotas a los m\u00e9dicos<\/h2>\n\n\n\n<p>El funcionario explic\u00f3 tambi\u00e9n que es obligatorio que los aumentos de las cuotas de las prepagas impacten en los honorarios de los m\u00e9dicos.<\/p>\n\n\n\n<p>&#8220;Tiene que haber un traslado de los incrementos de las cuotas de las prepagas y mayor recaudaci\u00f3n de las obras sociales a los m\u00e9dicos de la cartilla&#8221;, remarc\u00f3. Seg\u00fan la resoluci\u00f3n 2.577\/22,\u00a0<strong>los aumentos que se autorizan deben trasladarse en 90% a los prestadores<\/strong>.<\/p>\n\n\n\n<p>Sag\u00e1s apunt\u00f3 a que es una disposici\u00f3n que se cumple con las cl\u00ednicas, pero&nbsp;<strong>no con los m\u00e9dicos de la cartilla<\/strong>.<\/p>\n\n\n\n<h2 class=\"wp-block-heading\">Esperan que el cobro de coseguro impacte en el sistema de salud p\u00fablica<\/h2>\n\n\n\n<p>Consultado acerca de la&nbsp;<strong>posible repercusi\u00f3n&nbsp;<\/strong>que el cobro de copago por parte de los m\u00e9dicos a los socios de obras sociales o usuarios de prepagas<strong>&nbsp;puede generar en el sistema de salud p\u00fablica,<\/strong>&nbsp;Sag\u00e1s&nbsp;<strong>no descart\u00f3 esta situaci\u00f3n.<\/strong><\/p>\n\n\n\n<p>&#8220;Si se puede esperar\u00a0<strong>mayor demanda en la Salud P\u00fablica<\/strong>. Nosotros -por el Gobierno de la Provincia- tenemos que estar atentos, esperemos que esta situaci\u00f3n no escale&#8221;, admiti\u00f3.<\/p>\n\n\n\n<p>Dijo que entiende perfectamente la preocupaci\u00f3n y ansiedad de las personas que&nbsp;<strong>est\u00e1n pagando y no pueden hacer uso del servicio<\/strong>. Pero tambi\u00e9n destac\u00f3 que, por el otro lado, los profesionales de la salud no pueden cobrar cifras irrisorias por su trabajo.<\/p>\n\n\n\n<p><strong>La clave\u00a0<\/strong>para resolver el conflicto es, seg\u00fan Sag\u00e1s,\u00a0<strong>que el Ministerio de Salud de la Naci\u00f3n eleve el piso de los aranceles por prestaci\u00f3n.<\/strong><\/p>\n\n\n\n<p><strong>Fuente: www.diariouno.com.ar<\/strong><\/p>\n","protected":false},"excerpt":{"rendered":"<p>El\u00a0conflicto entre los m\u00e9dicos prestadores y las empresas de medicina prepaga\u00a0amenaza con profundizarse. Es que los profesionales de la salud se plantaron ante el escaso valor de las consultas que las prepagas les reintegran y decidieron comenzar a\u00a0cobrar un copago\u00a0a partir de septiembre. Ante esta problem\u00e1tica, el&nbsp;subsecretario de Salud de la Provincia, Oscar Sag\u00e1s,&nbsp;en di\u00e1logo [&hellip;]<\/p>\n","protected":false},"author":2,"featured_media":1135,"comment_status":"open","ping_status":"open","sticky":false,"template":"","format":"standard","meta":[],"categories":[58],"tags":[],"_links":{"self":[{"href":"https:\/\/pasaenmendoza.com\/index.php?rest_route=\/wp\/v2\/posts\/1131"}],"collection":[{"href":"https:\/\/pasaenmendoza.com\/index.php?rest_route=\/wp\/v2\/posts"}],"about":[{"href":"https:\/\/pasaenmendoza.com\/index.php?rest_route=\/wp\/v2\/types\/post"}],"author":[{"embeddable":true,"href":"https:\/\/pasaenmendoza.com\/index.php?rest_route=\/wp\/v2\/users\/2"}],"replies":[{"embeddable":true,"href":"https:\/\/pasaenmendoza.com\/index.php?rest_route=%2Fwp%2Fv2%2Fcomments&post=1131"}],"version-history":[{"count":1,"href":"https:\/\/pasaenmendoza.com\/index.php?rest_route=\/wp\/v2\/posts\/1131\/revisions"}],"predecessor-version":[{"id":1136,"href":"https:\/\/pasaenmendoza.com\/index.php?rest_route=\/wp\/v2\/posts\/1131\/revisions\/1136"}],"wp:featuredmedia":[{"embeddable":true,"href":"https:\/\/pasaenmendoza.com\/index.php?rest_route=\/wp\/v2\/media\/1135"}],"wp:attachment":[{"href":"https:\/\/pasaenmendoza.com\/index.php?rest_route=%2Fwp%2Fv2%2Fmedia&parent=1131"}],"wp:term":[{"taxonomy":"category","embeddable":true,"href":"https:\/\/pasaenmendoza.com\/index.php?rest_route=%2Fwp%2Fv2%2Fcategories&post=1131"},{"taxonomy":"post_tag","embeddable":true,"href":"https:\/\/pasaenmendoza.com\/index.php?rest_route=%2Fwp%2Fv2%2Ftags&post=1131"}],"curies":[{"name":"wp","href":"https:\/\/api.w.org\/{rel}","templated":true}]}}