{"id":11310,"date":"2025-01-29T23:08:22","date_gmt":"2025-01-29T22:08:22","guid":{"rendered":"https:\/\/pasaenmendoza.com\/?p=11310"},"modified":"2025-01-29T23:08:23","modified_gmt":"2025-01-29T22:08:23","slug":"la-uncuyo-respondio-a-las-criticas-sobre-su-nuevo-muro-es-para-mejorar-la-seguridad","status":"publish","type":"post","link":"https:\/\/pasaenmendoza.com\/?p=11310","title":{"rendered":"La UNCuyo respondi\u00f3 a las cr\u00edticas sobre su nuevo muro: &#8220;Es para mejorar la seguridad&#8221;"},"content":{"rendered":"\n<p>Tras las cr\u00edticas por parte de un grupo de arquitectos al\u00a0<strong>muro<\/strong>\u00a0que construye la\u00a0<strong>UNCuyo<\/strong>, la casa de altos estudios -a trav\u00e9s de la secretaria general del Rectorado, Estefan\u00eda Villaruel- sali\u00f3 a defender los trabajos al se\u00f1alar que mejorar\u00e1n la\u00a0<strong>seguridad<\/strong>.<\/p>\n\n\n\n<p>El cierre de parte del per\u00edmetro abarcar\u00e1, detall\u00f3 Villarruel, la parte de atr\u00e1s de las residencias de los<strong>\u00a0estudiantes<\/strong>, las facultades de Educaci\u00f3n y de Derecho y el comedor universitario, que colinda con los barrios Olivares y Flores, as\u00ed como con la avenida Gran Capit\u00e1n Sur.<\/p>\n\n\n\n<p>Se extender\u00e1 hasta los galpones de Artes y Dise\u00f1os que limitan con la avenida Champagnat. No ser\u00e1 total y quedar\u00e1 libre el&nbsp;<strong>acceso al campus<\/strong>&nbsp;para quienes quieran ingresar.<\/p>\n\n\n\n<p>&#8220;Eso es lo que nos recomendaron en este tipo de espacios para prevenir situaciones de\u00a0<strong>inseguridad<\/strong>&#8220;, hab\u00eda comentado Villarruel el pasado 19 de diciembre, para aclarar que antes contaban con una malla met\u00e1lica que tuvieron que reemplazar varias veces por los<strong>\u00a0robos.<\/strong><\/p>\n\n\n\n<p>Luego, cansados de esta situaci\u00f3n, decidieron implementar medidas m\u00e1s dr\u00e1sticas. Se est\u00e1 realizando un&nbsp;<strong>cierre&nbsp;<\/strong>que da al canal Papagayos y a una parte de la avenida Champagnat desde el ingreso de la universidad hacia el Norte.<\/p>\n\n\n\n<h2 class=\"wp-block-heading\">Muro de la UNCuyo: &#8220;Se cierra una parte del campus&#8221;<\/h2>\n\n\n\n<p>\u201cEs decir, que no es toda la avenida, es alrededor de un cuarto del per\u00edmetro de toda la&nbsp;<strong>universidad<\/strong>, de todo el campus. Insisto, no de toda la universidad, sino de esa parte del campus\u201d, advirti\u00f3 la directiva de la&nbsp;<strong>UNCuyo<\/strong>.<\/p>\n\n\n\n<p>\u201cB\u00e1sicamente, pretendemos mejorar la&nbsp;<strong>seguridad&nbsp;<\/strong>del campus y poder garantizar la integridad f\u00edsica y la vida de las personas que circulan, que no son solamente los miembros de la universidad sino cualquier persona que camina o tiene interacci\u00f3n con el campus, gente externa de la&nbsp;<strong>universidad<\/strong>, gente de los barrios aleda\u00f1os y, por supuesto, los miembros espec\u00edficos\u201d, continu\u00f3.<\/p>\n\n\n\n<p>En ese sentido, dijo, el a\u00f1o pasado se registraron&nbsp;<strong>hechos \u201cbastante complejos\u201d<\/strong>&nbsp;justamente en ese per\u00edmetro.<\/p>\n\n\n\n<p>\u201cEs por eso que los expertos en seguridad de esta comisi\u00f3n aconsejaron esta construcci\u00f3n de este<strong>\u00a0cierre perimetral<\/strong>\u201d, reiter\u00f3.<\/p>\n\n\n\n<p>Destac\u00f3 adem\u00e1s que este cierre no da al barrio Flores. \u201cSi uno ingresa hoy a la<strong>&nbsp;universidad&nbsp;<\/strong>por Lencinas y da la vuelta, siguen estando las casas, canchas, plazas, caminitos de entrada y salida por el que circulan las personas habitualmente del barrio y por el que acceden a las paradas de los colectivos y a algunas facultades como Medicina y Odontolog\u00eda\u201d, aclar\u00f3.<\/p>\n\n\n\n<p>\u201cEso seguir\u00e1 siendo as\u00ed. No est\u00e1 planificada en ninguna otra etapa el cierre de esa parte. Las dos etapas de construcci\u00f3n de este\u00a0<strong>cierre perimetral<\/strong>\u00a0son las que dan a Papagallos y avenida Champagnat\u201d, dijo.<\/p>\n\n\n\n<h2 class=\"wp-block-heading\">Qu\u00e9 dicen los arquitectos del Conicet que critican al muro<\/h2>\n\n\n\n<p>Esta semana, un grupo de arquitectos vinculados al&nbsp;<strong>Conicet<\/strong>&nbsp;difundi\u00f3 una carta dirigida a Esther S\u00e1nchez, la rectora de la&nbsp;<strong>UNCuyo,&nbsp;<\/strong>en reclamo por el&nbsp;<strong>amurallamiento&nbsp;<\/strong>de la casa de altos estudios.<\/p>\n\n\n\n<p>Son 25 en total los firmantes, entre ellos&nbsp;<strong>reconocidos profesionales<\/strong>&nbsp;como Ra\u00fal Francisco Romero Day, Eliana B\u00f3rmida y Graciela Moretti, quienes sostuvieron que &#8220;la obra se opone con lo planeado urbana y arquitect\u00f3nicamente en su creaci\u00f3n&#8221;, cuando se ponderaron \u201clas vistas hacia la monta\u00f1a y la ciudad, incluso las pendientes y accidentes topogr\u00e1ficos que se decidieron conservar como caracter\u00edsticas del paisaje&#8221;.<\/p>\n\n\n\n<p>&#8220;La&nbsp;<strong>muralla&nbsp;<\/strong>terminar\u00e1 confinando y escindiendo a la&nbsp;<strong>UNCuyo<\/strong>&nbsp;del tejido urbano y territorial&#8221;, denunciaron y agregaron: &#8220;La elevaci\u00f3n de un muro perimetral ciego, de paneles de hormig\u00f3n premoldeado, sujetos por una doble viga de hormig\u00f3n armado realizada colisiona fuertemente con el&nbsp;<strong>planteamiento urbano-arquitect\u00f3nico<\/strong>&nbsp;del centro universitario\u201d.<\/p>\n\n\n\n<p>Adem\u00e1s, criticaron que la&nbsp;<strong>UNCuyo<\/strong>&nbsp;decida hacer frente a los robos de esta forma, y cit\u00f3 ejemplos en terrenos aleda\u00f1os con otro tipo de medidas que, seg\u00fan ellos, funcionaron, como es el caso del complejo religioso de la Iglesia de Jesucristo de los Santos de los \u00daltimos D\u00edas, recientemente inaugurado, que posee una reja, al igual que el Colegio San Jos\u00e9 de los Hermanos Maristas.<\/p>\n\n\n\n<p>&#8220;Si estos cierres, parecen ser efectivos para contener la&nbsp;<strong>&#8216;inseguridad&#8217;<\/strong>&nbsp;frente a los robos para estas instituciones y barrios \u00bfpor qu\u00e9 la&nbsp;<strong>UNCuyo<\/strong>&nbsp;requiere de una muralla de hormig\u00f3n?&#8221;, se preguntaron; y agregaron que la universidad posee un cuerpo docente profesional que podr\u00e1 &#8220;aportar soluciones m\u00e1s creativas, amigables con las naturalezas, la ciudad y el territorio, en articulaci\u00f3n social y energ\u00e9ticamente m\u00e1s eficientes y, por tanto, soluciones para una universidad m\u00e1s sostenible&#8221;.<\/p>\n\n\n\n<p>La otra apreciaci\u00f3n que realizaron es que incrementar\u00e1 &#8220;la&nbsp;<strong>isla de calor urbana<\/strong>&nbsp;que, en contextos de cambio clim\u00e1tico, adquiere ribetes de mayor dramatismo&#8221;, ya que este muro de paneles de hormig\u00f3n en sus caras al norte y al oeste &#8220;produce una acumulaci\u00f3n energ\u00e9tica que particularmente en verano puede alcanzar una temperatura superior a los 80\u00baC&#8221;, generando un perjuicio entre quienes transitan por la<strong>&nbsp;universidad.<\/strong><\/p>\n\n\n\n<p>&#8220;En un contexto en el que el mismo Estado reclama transparencia a la Universidad, la\u00a0<strong>UNCuyo<\/strong>\u00a0se vuelve m\u00e1s opaca, infranqueable e incluso m\u00e1s insegura por la falta de visibilidad&#8221;, dispusieron.<\/p>\n\n\n\n<p><strong>Fuente: www.diariouno.com.ar<\/strong><\/p>\n","protected":false},"excerpt":{"rendered":"<p>Tras las cr\u00edticas por parte de un grupo de arquitectos al\u00a0muro\u00a0que construye la\u00a0UNCuyo, la casa de altos estudios -a trav\u00e9s de la secretaria general del Rectorado, Estefan\u00eda Villaruel- sali\u00f3 a defender los trabajos al se\u00f1alar que mejorar\u00e1n la\u00a0seguridad. El cierre de parte del per\u00edmetro abarcar\u00e1, detall\u00f3 Villarruel, la parte de atr\u00e1s de las residencias de [&hellip;]<\/p>\n","protected":false},"author":2,"featured_media":11311,"comment_status":"open","ping_status":"open","sticky":false,"template":"","format":"standard","meta":[],"categories":[50],"tags":[],"_links":{"self":[{"href":"https:\/\/pasaenmendoza.com\/index.php?rest_route=\/wp\/v2\/posts\/11310"}],"collection":[{"href":"https:\/\/pasaenmendoza.com\/index.php?rest_route=\/wp\/v2\/posts"}],"about":[{"href":"https:\/\/pasaenmendoza.com\/index.php?rest_route=\/wp\/v2\/types\/post"}],"author":[{"embeddable":true,"href":"https:\/\/pasaenmendoza.com\/index.php?rest_route=\/wp\/v2\/users\/2"}],"replies":[{"embeddable":true,"href":"https:\/\/pasaenmendoza.com\/index.php?rest_route=%2Fwp%2Fv2%2Fcomments&post=11310"}],"version-history":[{"count":1,"href":"https:\/\/pasaenmendoza.com\/index.php?rest_route=\/wp\/v2\/posts\/11310\/revisions"}],"predecessor-version":[{"id":11312,"href":"https:\/\/pasaenmendoza.com\/index.php?rest_route=\/wp\/v2\/posts\/11310\/revisions\/11312"}],"wp:featuredmedia":[{"embeddable":true,"href":"https:\/\/pasaenmendoza.com\/index.php?rest_route=\/wp\/v2\/media\/11311"}],"wp:attachment":[{"href":"https:\/\/pasaenmendoza.com\/index.php?rest_route=%2Fwp%2Fv2%2Fmedia&parent=11310"}],"wp:term":[{"taxonomy":"category","embeddable":true,"href":"https:\/\/pasaenmendoza.com\/index.php?rest_route=%2Fwp%2Fv2%2Fcategories&post=11310"},{"taxonomy":"post_tag","embeddable":true,"href":"https:\/\/pasaenmendoza.com\/index.php?rest_route=%2Fwp%2Fv2%2Ftags&post=11310"}],"curies":[{"name":"wp","href":"https:\/\/api.w.org\/{rel}","templated":true}]}}