{"id":11319,"date":"2025-01-30T00:28:08","date_gmt":"2025-01-29T23:28:08","guid":{"rendered":"https:\/\/pasaenmendoza.com\/?p=11319"},"modified":"2025-01-30T00:28:09","modified_gmt":"2025-01-29T23:28:09","slug":"posibles-aumentos-en-las-tarifas-de-gas-las-empresas-piden-un-45-y-el-gobierno-busca-limitarlo-al-99","status":"publish","type":"post","link":"https:\/\/pasaenmendoza.com\/?p=11319","title":{"rendered":"Posibles aumentos en las tarifas de gas: las empresas piden un 45% y el gobierno busca limitarlo al 9,9%"},"content":{"rendered":"\n<p>Las\u00a0<strong>tarifas de\u00a0gas<\/strong>\u00a0en Argentina podr\u00edan\u00a0<strong>aumentar un promedio del 15%<\/strong>\u00a0este a\u00f1o si el\u00a0<strong>Gobierno<\/strong>\u00a0aprueba las solicitudes de las compa\u00f1\u00edas de transporte y distribuci\u00f3n de gas natural por redes. Estas empresas han pedido un incremento de aproximadamente\u00a0<strong>45%<\/strong>\u00a0en sus tarifas, lo que se traducir\u00eda en un impacto del\u00a0<strong>15%<\/strong>\u00a0en las facturas finales de los usuarios.<\/p>\n\n\n\n<p>Adem\u00e1s, las empresas proponen un\u00a0<strong>esquema de incrementos mensuales autom\u00e1ticos<\/strong>\u00a0para sus ingresos, con el fin de mantener el valor real de sus tarifas y asegurar fondos para futuras inversiones.\u00a0<\/p>\n\n\n\n<p>Por otro lado, el Gobierno ha expresado su intenci\u00f3n de\u00a0<strong>limitar los aumentos de tarifas<\/strong>\u00a0a un m\u00e1ximo de\u00a0<strong>9,9% por encima de la inflaci\u00f3n<\/strong>\u00a0a partir de abril. Si esta postura se mantiene, las propuestas de las empresas ser\u00edan rechazadas y sus planes de inversi\u00f3n tendr\u00edan que ajustarse a una menor disponibilidad de ingresos.<\/p>\n\n\n\n<p>El\u00a0<strong>transporte de gas<\/strong>\u00a0representa aproximadamente el\u00a0<strong>16%<\/strong>\u00a0de la factura final de los usuarios, mientras que el\u00a0<strong>costo de producci\u00f3n o importaci\u00f3n de gas<\/strong>\u00a0alcanza el\u00a0<strong>27%<\/strong>, el\u00a0<strong>margen de distribuci\u00f3n<\/strong>\u00a0es del\u00a0<strong>34%<\/strong>\u00a0y los\u00a0<strong>impuestos<\/strong>\u00a0constituyen el\u00a0<strong>23%<\/strong>.<\/p>\n\n\n\n<p>Una de las principales distribuidoras de gas domiciliario ha considerado&nbsp;<strong>&#8220;inconveniente e innecesario&#8221;<\/strong>&nbsp;la propuesta del Ministerio de Econom\u00eda de separar las&nbsp;<strong>tasas municipales<\/strong>&nbsp;de las facturas, con el objetivo de forzar a los intendentes a reducir el gasto p\u00fablico y generar un doble cup\u00f3n de pago que permita a los usuarios pagar parcialmente sin que se les corte el servicio. La empresa sostiene que esta medida podr\u00eda generar&nbsp;<strong>problemas en la gesti\u00f3n del servicio.<\/strong><\/p>\n\n\n\n<p>La\u00a0<strong>audiencia p\u00fablica<\/strong>\u00a0para discutir estos temas est\u00e1 programada para el pr\u00f3ximo\u00a0<strong>jueves 6 de febrero.<\/strong><\/p>\n\n\n\n<p><strong>Fuente: www.diariomendoza.com.ar<\/strong><\/p>\n","protected":false},"excerpt":{"rendered":"<p>Las\u00a0tarifas de\u00a0gas\u00a0en Argentina podr\u00edan\u00a0aumentar un promedio del 15%\u00a0este a\u00f1o si el\u00a0Gobierno\u00a0aprueba las solicitudes de las compa\u00f1\u00edas de transporte y distribuci\u00f3n de gas natural por redes. Estas empresas han pedido un incremento de aproximadamente\u00a045%\u00a0en sus tarifas, lo que se traducir\u00eda en un impacto del\u00a015%\u00a0en las facturas finales de los usuarios. Adem\u00e1s, las empresas proponen un\u00a0esquema de [&hellip;]<\/p>\n","protected":false},"author":2,"featured_media":11320,"comment_status":"open","ping_status":"open","sticky":false,"template":"","format":"standard","meta":[],"categories":[75],"tags":[],"_links":{"self":[{"href":"https:\/\/pasaenmendoza.com\/index.php?rest_route=\/wp\/v2\/posts\/11319"}],"collection":[{"href":"https:\/\/pasaenmendoza.com\/index.php?rest_route=\/wp\/v2\/posts"}],"about":[{"href":"https:\/\/pasaenmendoza.com\/index.php?rest_route=\/wp\/v2\/types\/post"}],"author":[{"embeddable":true,"href":"https:\/\/pasaenmendoza.com\/index.php?rest_route=\/wp\/v2\/users\/2"}],"replies":[{"embeddable":true,"href":"https:\/\/pasaenmendoza.com\/index.php?rest_route=%2Fwp%2Fv2%2Fcomments&post=11319"}],"version-history":[{"count":1,"href":"https:\/\/pasaenmendoza.com\/index.php?rest_route=\/wp\/v2\/posts\/11319\/revisions"}],"predecessor-version":[{"id":11321,"href":"https:\/\/pasaenmendoza.com\/index.php?rest_route=\/wp\/v2\/posts\/11319\/revisions\/11321"}],"wp:featuredmedia":[{"embeddable":true,"href":"https:\/\/pasaenmendoza.com\/index.php?rest_route=\/wp\/v2\/media\/11320"}],"wp:attachment":[{"href":"https:\/\/pasaenmendoza.com\/index.php?rest_route=%2Fwp%2Fv2%2Fmedia&parent=11319"}],"wp:term":[{"taxonomy":"category","embeddable":true,"href":"https:\/\/pasaenmendoza.com\/index.php?rest_route=%2Fwp%2Fv2%2Fcategories&post=11319"},{"taxonomy":"post_tag","embeddable":true,"href":"https:\/\/pasaenmendoza.com\/index.php?rest_route=%2Fwp%2Fv2%2Ftags&post=11319"}],"curies":[{"name":"wp","href":"https:\/\/api.w.org\/{rel}","templated":true}]}}