{"id":11322,"date":"2025-01-30T15:09:23","date_gmt":"2025-01-30T14:09:23","guid":{"rendered":"https:\/\/pasaenmendoza.com\/?p=11322"},"modified":"2025-01-30T15:09:24","modified_gmt":"2025-01-30T14:09:24","slug":"alerta-por-calor-extremo-en-mendoza-asi-estara-el-tiempo-este-jueves","status":"publish","type":"post","link":"https:\/\/pasaenmendoza.com\/?p=11322","title":{"rendered":"Alerta por calor extremo en Mendoza: as\u00ed estar\u00e1 el tiempo este jueves"},"content":{"rendered":"\n<p>Las lluvias parecen haber quedado atr\u00e1s y la ola de calor ya es una realidad en toda la provincia de Mendoza. El&nbsp;<strong>Servicio Meteorol\u00f3gico Nacional<\/strong>&nbsp;emiti\u00f3 un alerta de color amarillo en la que involucra a todo el territorio.<\/p>\n\n\n\n<p>La t<strong>emperatura m\u00e1xima&nbsp;<\/strong>ser\u00e1 de 35\u00b0C y la m\u00ednima de 22\u00b0C. Ser\u00e1 un d\u00eda muy caluroso y con poca nubosidad, seg\u00fan destaca el pron\u00f3stico.<\/p>\n\n\n\n<p>Mendoza se encuentra afectada por una&nbsp;<strong>ola de calor<\/strong>&nbsp;en la que no parece haber un respiro cerca, ya que las temperaturas ir\u00e1n en&nbsp;<strong>aumento&nbsp;<\/strong>en los pr\u00f3ximos d\u00edas. Para viernes y s\u00e1bado se aguardan m\u00e1ximas de 37 y 38 grados.<\/p>\n\n\n\n<p>Mientras que\u00a0<strong>el domingo la m\u00e1xima podr\u00eda llegar a los 40 grados<\/strong>, seg\u00fan el meteor\u00f3logo Fernando Jara.<\/p>\n\n\n\n<p><strong>Fuente: www.elsol.com.ar<\/strong><\/p>\n","protected":false},"excerpt":{"rendered":"<p>Las lluvias parecen haber quedado atr\u00e1s y la ola de calor ya es una realidad en toda la provincia de Mendoza. El&nbsp;Servicio Meteorol\u00f3gico Nacional&nbsp;emiti\u00f3 un alerta de color amarillo en la que involucra a todo el territorio. La temperatura m\u00e1xima&nbsp;ser\u00e1 de 35\u00b0C y la m\u00ednima de 22\u00b0C. Ser\u00e1 un d\u00eda muy caluroso y con poca [&hellip;]<\/p>\n","protected":false},"author":2,"featured_media":11323,"comment_status":"open","ping_status":"open","sticky":false,"template":"","format":"standard","meta":[],"categories":[52],"tags":[],"_links":{"self":[{"href":"https:\/\/pasaenmendoza.com\/index.php?rest_route=\/wp\/v2\/posts\/11322"}],"collection":[{"href":"https:\/\/pasaenmendoza.com\/index.php?rest_route=\/wp\/v2\/posts"}],"about":[{"href":"https:\/\/pasaenmendoza.com\/index.php?rest_route=\/wp\/v2\/types\/post"}],"author":[{"embeddable":true,"href":"https:\/\/pasaenmendoza.com\/index.php?rest_route=\/wp\/v2\/users\/2"}],"replies":[{"embeddable":true,"href":"https:\/\/pasaenmendoza.com\/index.php?rest_route=%2Fwp%2Fv2%2Fcomments&post=11322"}],"version-history":[{"count":1,"href":"https:\/\/pasaenmendoza.com\/index.php?rest_route=\/wp\/v2\/posts\/11322\/revisions"}],"predecessor-version":[{"id":11324,"href":"https:\/\/pasaenmendoza.com\/index.php?rest_route=\/wp\/v2\/posts\/11322\/revisions\/11324"}],"wp:featuredmedia":[{"embeddable":true,"href":"https:\/\/pasaenmendoza.com\/index.php?rest_route=\/wp\/v2\/media\/11323"}],"wp:attachment":[{"href":"https:\/\/pasaenmendoza.com\/index.php?rest_route=%2Fwp%2Fv2%2Fmedia&parent=11322"}],"wp:term":[{"taxonomy":"category","embeddable":true,"href":"https:\/\/pasaenmendoza.com\/index.php?rest_route=%2Fwp%2Fv2%2Fcategories&post=11322"},{"taxonomy":"post_tag","embeddable":true,"href":"https:\/\/pasaenmendoza.com\/index.php?rest_route=%2Fwp%2Fv2%2Ftags&post=11322"}],"curies":[{"name":"wp","href":"https:\/\/api.w.org\/{rel}","templated":true}]}}