{"id":11325,"date":"2025-01-30T15:21:19","date_gmt":"2025-01-30T14:21:19","guid":{"rendered":"https:\/\/pasaenmendoza.com\/?p=11325"},"modified":"2025-01-30T15:21:20","modified_gmt":"2025-01-30T14:21:20","slug":"el-inquilino-conflictivo-quien-es-el-sospechoso-del-presunto-femicidio-en-guaymallen","status":"publish","type":"post","link":"https:\/\/pasaenmendoza.com\/?p=11325","title":{"rendered":"El inquilino conflictivo: qui\u00e9n es el sospechoso del presunto femicidio en Guaymall\u00e9n"},"content":{"rendered":"\n<p>La muerte de la enfermera&nbsp;<strong>Antonia N\u00e9lida Falc\u00f3n&nbsp;<\/strong>gener\u00f3 un fuerte impacto en el barrio San Vicente II de Guaymall\u00e9n. El hecho ocurri\u00f3 durante un presunto incendio intencional la madrugada de este mi\u00e9rcoles, y la hip\u00f3tesis principal, aportada por testigos, bomberos y polic\u00edas, apunta a un femicidio.<\/p>\n\n\n\n<p><strong>La v\u00edctima, muy querida en la zona, ten\u00eda 60 a\u00f1os y cinco hijos<\/strong>. Se sospecha que fue estrangulada y luego prendida en fuego en su domicilio de la manzana G. Las pruebas recolectadas en la escena as\u00ed lo revelaron. El fiscal de Homicidios del caso, Carlos Torres esperaba el informe del Cuerpo M\u00e9dico Forense para conocer m\u00e1s en profundidad sobre las causas del deceso.<\/p>\n\n\n\n<p>Este paso ser\u00e1 clave en la instrucci\u00f3n para definir la situaci\u00f3n procesal del \u00fanico sospechoso que tiene la causa, un hombre identificado como&nbsp;<strong>Dami\u00e1n Dar\u00edo Orozco<\/strong>, quien era conocido de algunos de los hijos de la mujer.&nbsp;<mark>Orozco, de 42 a\u00f1os y con viejos antecedentes penales<\/mark>, era inquilino en una pieza interna de la propiedad de Falc\u00f3n.<\/p>\n\n\n\n<p>Seg\u00fan declararon los primeros testigos en la causa, la v\u00edctima buscaba desde hace semanas que el sujeto abandonara el lugar debido a su comportamiento conflictivo. Sin embargo, no lograba que dejara la habitaci\u00f3n, lo que habr\u00eda generado varios enfrentamientos.<\/p>\n\n\n\n<h2 class=\"wp-block-heading\" id=\"h-cuando-el-hijo-caminaba-con-una-amiga\">Cuando el hijo caminaba con una amiga<\/h2>\n\n\n\n<p>La reconstrucci\u00f3n realizada por los investigadores, que orienta la causa hacia un femicidio, indica que uno de los hijos de la mujer, de 32 a\u00f1os, caminaba cerca de la casa de su madre con una amiga cuando vieron salir humo por el techo de la vivienda. Al ingresar a la propiedad, encontr\u00f3 a su madre envuelta en llamas.<\/p>\n\n\n\n<p>En ese momento entr\u00f3 en shock y pidi\u00f3 ayuda a los vecinos para detener el avance del fuego. Durante la emergencia, del departamento posterior de la vivienda, dividido por un armario, sali\u00f3 el inquilino.<\/p>\n\n\n\n<p>Orozco manifest\u00f3 que se encontraba durmiendo, que no se hab\u00eda percatado del incendio ni del humo y que estaba\u00a0<em>\u201cdesorientado\u201d.<\/em>\u00a0Tras los llamados al 911, arribaron bomberos y polic\u00edas. El hijo de la v\u00edctima reaccion\u00f3 con violencia ante las declaraciones de Orozco sobre no haber detectado el siniestro.<\/p>\n\n\n\n<p>Los bomberos realizaron una b\u00fasqueda primaria mientras algunos vecinos expresaban su malestar arrojando ladrillos y descartaron m\u00e1s v\u00edctimas.&nbsp;<em><mark>\u201cNo hab\u00eda otra afectaci\u00f3n&nbsp;<\/mark>que el cuerpo de la mujer \u201c<\/em>, detallaron las fuentes consultadas por&nbsp;<em><strong>El Sol.<\/strong><\/em><\/p>\n\n\n\n<p>Falc\u00f3n se encontraba muerta sentada en una silla y detectaron dos garrafas de gas con las llaves abiertas.\u00a0<strong>Los Bomberos Voluntarios de Guaymall\u00e9n actuaron con rapidez y las cerraron para evitar explosiones<\/strong>. Al examinar el cad\u00e1ver, notaron una cuerda o alambre en el cuello, la que fue analizada por un forense y Polic\u00eda Cient\u00edfica en el lugar, quienes determinaron que la muerte hab\u00eda sido violenta e intencional.<\/p>\n\n\n\n<p>Adem\u00e1s, descubrieron que el fuego se hab\u00eda iniciado debajo de la silla, aparentemente con alg\u00fan l\u00edquido inflamable, y lo extinguieron despu\u00e9s de varios intentos con chorros de agua.<\/p>\n\n\n\n<p>Por estas evidencias, el fiscal Torres activ\u00f3 el protocolo de femicidio y orden\u00f3 que Orozco permaneciera aprehendido mientras aguardaba los resultados forenses y la declaraci\u00f3n de m\u00e1s testigos. El sospechoso hab\u00eda intentado abandonar el lugar por temor a ser linchado. Seg\u00fan las fuentes, este jueves se resolver\u00eda su situaci\u00f3n procesal.<\/p>\n\n\n\n<p><strong>Fuente: www.elsol.com.ar<\/strong><\/p>\n","protected":false},"excerpt":{"rendered":"<p>La muerte de la enfermera&nbsp;Antonia N\u00e9lida Falc\u00f3n&nbsp;gener\u00f3 un fuerte impacto en el barrio San Vicente II de Guaymall\u00e9n. El hecho ocurri\u00f3 durante un presunto incendio intencional la madrugada de este mi\u00e9rcoles, y la hip\u00f3tesis principal, aportada por testigos, bomberos y polic\u00edas, apunta a un femicidio. La v\u00edctima, muy querida en la zona, ten\u00eda 60 a\u00f1os [&hellip;]<\/p>\n","protected":false},"author":2,"featured_media":11326,"comment_status":"open","ping_status":"open","sticky":false,"template":"","format":"standard","meta":[],"categories":[48],"tags":[],"_links":{"self":[{"href":"https:\/\/pasaenmendoza.com\/index.php?rest_route=\/wp\/v2\/posts\/11325"}],"collection":[{"href":"https:\/\/pasaenmendoza.com\/index.php?rest_route=\/wp\/v2\/posts"}],"about":[{"href":"https:\/\/pasaenmendoza.com\/index.php?rest_route=\/wp\/v2\/types\/post"}],"author":[{"embeddable":true,"href":"https:\/\/pasaenmendoza.com\/index.php?rest_route=\/wp\/v2\/users\/2"}],"replies":[{"embeddable":true,"href":"https:\/\/pasaenmendoza.com\/index.php?rest_route=%2Fwp%2Fv2%2Fcomments&post=11325"}],"version-history":[{"count":1,"href":"https:\/\/pasaenmendoza.com\/index.php?rest_route=\/wp\/v2\/posts\/11325\/revisions"}],"predecessor-version":[{"id":11327,"href":"https:\/\/pasaenmendoza.com\/index.php?rest_route=\/wp\/v2\/posts\/11325\/revisions\/11327"}],"wp:featuredmedia":[{"embeddable":true,"href":"https:\/\/pasaenmendoza.com\/index.php?rest_route=\/wp\/v2\/media\/11326"}],"wp:attachment":[{"href":"https:\/\/pasaenmendoza.com\/index.php?rest_route=%2Fwp%2Fv2%2Fmedia&parent=11325"}],"wp:term":[{"taxonomy":"category","embeddable":true,"href":"https:\/\/pasaenmendoza.com\/index.php?rest_route=%2Fwp%2Fv2%2Fcategories&post=11325"},{"taxonomy":"post_tag","embeddable":true,"href":"https:\/\/pasaenmendoza.com\/index.php?rest_route=%2Fwp%2Fv2%2Ftags&post=11325"}],"curies":[{"name":"wp","href":"https:\/\/api.w.org\/{rel}","templated":true}]}}