{"id":11331,"date":"2025-01-30T16:03:08","date_gmt":"2025-01-30T15:03:08","guid":{"rendered":"https:\/\/pasaenmendoza.com\/?p=11331"},"modified":"2025-01-30T16:03:09","modified_gmt":"2025-01-30T15:03:09","slug":"ningun-testimonio-confirmo-por-ahora-la-denuncia-de-violacion-en-el-hospital-central","status":"publish","type":"post","link":"https:\/\/pasaenmendoza.com\/?p=11331","title":{"rendered":"Ning\u00fan testimonio confirm\u00f3 por ahora la denuncia de violaci\u00f3n en el Hospital Central"},"content":{"rendered":"\n<p>La muerte de Evelyn Carrera, quien denunci\u00f3 haber sido v\u00edctima de\u00a0<strong>violaci\u00f3n<\/strong>\u00a0mientras estaba internada en terapia intensiva del\u00a0<strong>Hospital Central<\/strong>, hizo que la Fiscal\u00eda de Delitos Contra la Integridad Sexual avanzara durante esta semana con declaraciones testimoniales a varios empleados. Todos coincidieron en que no vieron ninguna situaci\u00f3n que alertara un posible\u00a0<strong>abuso<\/strong>. La mujer muri\u00f3 el pasado 22 de enero.<\/p>\n\n\n\n<p>El fiscal Flavio D&#8217;Amore, quien subroga a su colega Dar\u00edo Nora, es quien llev\u00f3 adelante la causa de presunta\u00a0<strong>violaci\u00f3n<\/strong>\u00a0de la mujer durante el mes de feria judicial. Desde el primer momento pidi\u00f3 el secuestro de la historia cl\u00ednica y reci\u00e9n esta semana recibieron la \u00faltima parte de la misma.<\/p>\n\n\n\n<p>El investigador tom\u00f3 declaraci\u00f3n a varios empleados de la terapia intensiva del&nbsp;<strong>Hospital Central<\/strong>, donde estaba internada Evelyn en el momento en que denunci\u00f3 que hab\u00eda sido&nbsp;<strong>violada<\/strong>. Todos coincidieron: ninguno vio ninguna situaci\u00f3n que les llamara la atenci\u00f3n ni que alertara un posible&nbsp;<strong>abuso sexual&nbsp;<\/strong>hacia la paciente.<\/p>\n\n\n\n<p>Mientras, los pesquisas esperan recibir los resultados del an\u00e1lisis de las&nbsp;<strong>c\u00e1maras de seguridad&nbsp;<\/strong>del ingreso a la unidad de&nbsp;<strong>terapia intensiva<\/strong>&nbsp;donde estaba Evelyn, con el fin de ver si ingres\u00f3 alguien ajeno a ese sector o si alguna persona tiene las caracter\u00edsticas f\u00edsicas que describi\u00f3 la presunta v\u00edctima.<\/p>\n\n\n\n<h2 class=\"wp-block-heading\">La declaraci\u00f3n de violaci\u00f3n de una paciente del Hospital Central<\/h2>\n\n\n\n<p>La primera vez que la mujer de 35 a\u00f1os expres\u00f3 la posible\u00a0<strong>violaci\u00f3n<\/strong>\u00a0lo hizo con su cu\u00f1ada cuando estaba en terapia intensiva. Evelyn Carrera lloraba y no pod\u00eda hablar, hasta que su cu\u00f1ada Daniela le dio una lapicera y una servilleta para que escribiera.<\/p>\n\n\n\n<p>En ella escribi\u00f3 &#8220;<strong>me vio<\/strong>&#8220;, por lo que la mujer que la visitaba le preguntaba qui\u00e9n la hab\u00eda visto, sin entender a\u00fan el mensaje. Frustrada, indicaron que\u00a0<strong>Evelyn\u00a0<\/strong>se enoj\u00f3 y arrug\u00f3 el papel, pero luego complet\u00f3 su relato.<\/p>\n\n\n\n<p>&#8220;Me&nbsp;<strong>violan<\/strong>, me violan&#8221;, fue lo que puso. La cu\u00f1ada no pod\u00eda creer lo que le\u00eda y le pregunt\u00f3 qui\u00e9n hab\u00eda sido, y la mujer anot\u00f3: &#8220;EMF&#8221;, por enfermero. Y agreg\u00f3 otra palabra: &#8220;Viernes&#8221;.<\/p>\n\n\n\n<p>Con esa informaci\u00f3n, su madre Hilda Valdez hizo la&nbsp;<strong>denuncia&nbsp;<\/strong>el 12 de diciembre del 2024. La Justicia se movi\u00f3 r\u00e1pido y orden\u00f3 cambiar de terapia a la paciente, quien adem\u00e1s permaneci\u00f3 con custodia policial para garantizar su integridad.<\/p>\n\n\n\n<h2 class=\"wp-block-heading\">Sin pruebas de violaci\u00f3n: las posibles hip\u00f3tesis<\/h2>\n\n\n\n<p>La primera medida que hicieron los pesquisas fue analizar su cuerpo en busca de rastros gen\u00e9ticos que podr\u00edan haber quedado en su cuerpo tras el presunto&nbsp;<strong>abuso sexual<\/strong>, pero los resultados fueron negativos.<\/p>\n\n\n\n<p>D\u00edas despu\u00e9s, Evelyn evolucion\u00f3 en su estado de salud y pas\u00f3 a sala com\u00fan del\u00a0<strong>Hospital Central<\/strong>, donde personal de la Fiscal\u00eda de Delitos Sexuales le tom\u00f3 declaraci\u00f3n. Aseguraron que lo hizo tranquila y pudo dar detalles del presunto agresor sexual.<\/p>\n\n\n\n<p>Pero hasta el momento no tienen ninguna coincidencia con alguien que la haya rodeado durante la primera etapa de su internaci\u00f3n. Por eso mismo es que el fiscal D&#8217;Amore pidi\u00f3 las pericias de todas las c\u00e1maras instaladas en esos pasillos, con la intenci\u00f3n de encontrar a la&nbsp;<strong>persona que describi\u00f3&nbsp;<\/strong>la mujer.<\/p>\n\n\n\n<p>Tambi\u00e9n pidieron al&nbsp;<strong>hospital&nbsp;<\/strong>informes detallados de todo el personal que trabaja en ese sector, con sus correspondientes horarios y funciones en el lugar.<\/p>\n\n\n\n<p>No descartan ninguna posibilidad. Que haya sido un enfermero, el familiar de alguien que entr\u00f3 a una visita, alguien que no deb\u00eda estar en ese lugar. Pero otra de las posibilidades que tampoco dejan de lado es que como consecuencia de los f\u00e1rmacos que manten\u00edan a Evelyn sedada, haya\u00a0<strong>cre\u00eddo\u00a0<\/strong>o\u00a0<strong>experimentado<\/strong>\u00a0alguna situaci\u00f3n que en realidad no ocurri\u00f3. Incluso pudo haber sido en alguno de los momentos que era\u00a0<strong>higienizada<\/strong>.<\/p>\n\n\n\n<h2 class=\"wp-block-heading\">El estado de salud con el que ingres\u00f3 la mujer que denunci\u00f3 la violaci\u00f3n<\/h2>\n\n\n\n<p>Evelyn Daiana Carrera, de 35 a\u00f1os, ingres\u00f3 al&nbsp;<strong>Hospital Central<\/strong>&nbsp;el 30 de noviembre del 2024. &#8220;Ingres\u00f3 con antecedentes de m\u00faltiples cirug\u00edas previas al presente ingreso hospitalario. Antecedentes de hemofilia A&#8221;, se lee en los informes m\u00e9dicos.<\/p>\n\n\n\n<p>Los doctores del\u00a0<strong>Hospital Central\u00a0<\/strong>detallaron: &#8220;Fue recibida al presentar abdomen agudo obstructivo a partir de adherencias peritoneales m\u00faltiples que requirieron cirug\u00eda al ingreso y 3 reintervenciones por procesos perforativos isqu\u00e9micos e infecciosos&#8221;.<\/p>\n\n\n\n<p>Indicaron que estuvo 18 d\u00edas en&nbsp;<strong>terapia intensiva<\/strong>&nbsp;con &#8220;alimentaci\u00f3n parenteral. Desde el ingreso present\u00f3 evoluci\u00f3n t\u00f3rpida que imped\u00eda su salida de internaci\u00f3n&#8221;.<\/p>\n\n\n\n<p>&#8220;En las primeras horas del 22 de enero falleci\u00f3 por falla multiorg\u00e1nica por un shock s\u00e9ptico&#8221;, se\u00f1al\u00f3 el&nbsp;<strong>Hospital Central<\/strong>&nbsp;en un informe.<\/p>\n\n\n\n<h2 class=\"wp-block-heading\">Investigaci\u00f3n por posible mala praxis<\/h2>\n\n\n\n<p>El fiscal de Homicidios Carlos Torres lleva adelante otra parte de la causa que tiene que ver con Evelyn Carrera, debido a que tras su muerte sus familiares denunciaron&nbsp;<strong>mala praxis<\/strong>.<\/p>\n\n\n\n<p>Este pesquisa tambi\u00e9n pidi\u00f3 la historia cl\u00ednica de la paciente, pero espera sobre todo el resultado del\u00a0<strong>Cuerpo M\u00e9dico Forense<\/strong>\u00a0para saber con detalle cu\u00e1l fue la causa de muerte de la mujer de 35 a\u00f1os y si tuvo que ver o no con un mal accionar de los m\u00e9dicos que la atendieron.<\/p>\n\n\n\n<p>Se espera que estos resultados est\u00e9n a m\u00e1s tardar el viernes, y all\u00ed el\u00a0<strong>fiscal Torres\u00a0<\/strong>determinar\u00e1 c\u00f3mo sigue esta causa.<\/p>\n\n\n\n<p><strong>Fuente: www.diariouno.com.ar<\/strong><a rel=\"noreferrer noopener\" href=\"https:\/\/www.facebook.com\/dialog\/feed?app_id=161316767303985&amp;link=https%3A%2F%2Fwww.diariouno.com.ar%2Fpoliciales%2Fningun-testimonio-confirmo-ahora-la-denuncia-violacion-el-hospital-central-n1398536&amp;name=Ning%C3%BAn+testimonio+confirm%C3%B3+por+ahora+la+denuncia+de+violaci%C3%B3n+en+el+Hospital+Central&amp;caption=Violaci%C3%B3n&amp;description=Evelyn+Carrera+denunci%C3%B3+que+fue+v%C3%ADctima+de+violaci%C3%B3n+en+el+Hospital+Central%2C+donde+poco+despu%C3%A9s+muri%C3%B3.+La+Justicia+investiga+a+fondo+si+hubo+abuso+sexual&amp;redirect_uri=https%3A%2F%2Fwww.diariouno.com.ar%2Fpoliciales%2Fningun-testimonio-confirmo-ahora-la-denuncia-violacion-el-hospital-central-n1398536\" target=\"_blank\"><\/a><\/p>\n","protected":false},"excerpt":{"rendered":"<p>La muerte de Evelyn Carrera, quien denunci\u00f3 haber sido v\u00edctima de\u00a0violaci\u00f3n\u00a0mientras estaba internada en terapia intensiva del\u00a0Hospital Central, hizo que la Fiscal\u00eda de Delitos Contra la Integridad Sexual avanzara durante esta semana con declaraciones testimoniales a varios empleados. Todos coincidieron en que no vieron ninguna situaci\u00f3n que alertara un posible\u00a0abuso. La mujer muri\u00f3 el pasado [&hellip;]<\/p>\n","protected":false},"author":2,"featured_media":11332,"comment_status":"open","ping_status":"open","sticky":false,"template":"","format":"standard","meta":[],"categories":[48],"tags":[],"_links":{"self":[{"href":"https:\/\/pasaenmendoza.com\/index.php?rest_route=\/wp\/v2\/posts\/11331"}],"collection":[{"href":"https:\/\/pasaenmendoza.com\/index.php?rest_route=\/wp\/v2\/posts"}],"about":[{"href":"https:\/\/pasaenmendoza.com\/index.php?rest_route=\/wp\/v2\/types\/post"}],"author":[{"embeddable":true,"href":"https:\/\/pasaenmendoza.com\/index.php?rest_route=\/wp\/v2\/users\/2"}],"replies":[{"embeddable":true,"href":"https:\/\/pasaenmendoza.com\/index.php?rest_route=%2Fwp%2Fv2%2Fcomments&post=11331"}],"version-history":[{"count":1,"href":"https:\/\/pasaenmendoza.com\/index.php?rest_route=\/wp\/v2\/posts\/11331\/revisions"}],"predecessor-version":[{"id":11333,"href":"https:\/\/pasaenmendoza.com\/index.php?rest_route=\/wp\/v2\/posts\/11331\/revisions\/11333"}],"wp:featuredmedia":[{"embeddable":true,"href":"https:\/\/pasaenmendoza.com\/index.php?rest_route=\/wp\/v2\/media\/11332"}],"wp:attachment":[{"href":"https:\/\/pasaenmendoza.com\/index.php?rest_route=%2Fwp%2Fv2%2Fmedia&parent=11331"}],"wp:term":[{"taxonomy":"category","embeddable":true,"href":"https:\/\/pasaenmendoza.com\/index.php?rest_route=%2Fwp%2Fv2%2Fcategories&post=11331"},{"taxonomy":"post_tag","embeddable":true,"href":"https:\/\/pasaenmendoza.com\/index.php?rest_route=%2Fwp%2Fv2%2Ftags&post=11331"}],"curies":[{"name":"wp","href":"https:\/\/api.w.org\/{rel}","templated":true}]}}