{"id":11334,"date":"2025-01-30T23:08:56","date_gmt":"2025-01-30T22:08:56","guid":{"rendered":"https:\/\/pasaenmendoza.com\/?p=11334"},"modified":"2025-01-30T23:08:57","modified_gmt":"2025-01-30T22:08:57","slug":"el-gobierno-dio-luz-verde-para-que-ypf-se-desprenda-de-seis-areas-petroleras","status":"publish","type":"post","link":"https:\/\/pasaenmendoza.com\/?p=11334","title":{"rendered":"El Gobierno dio luz verde para que YPF se desprenda de seis \u00e1reas petroleras"},"content":{"rendered":"\n<p>El\u00a0<strong>Gobierno de Mendoza<\/strong>\u00a0autoriz\u00f3 la cesi\u00f3n de seis \u00e1reas petroleras del denominado Cluster Norte que estaban en manos de\u00a0<strong>YPF<\/strong>, en el marco del Plan Andes que apunta a la revitalizaci\u00f3n de campos maduros. A partir de este proceso, la operaci\u00f3n de estas estar\u00e1 a cargo de Petr\u00f3leos Sudamericanos S.A.<\/p>\n\n\n\n<p>A trav\u00e9s de la Resoluci\u00f3n N\u00b0 16, publicada este jueves en el Bolet\u00edn Oficial, el Ministerio de Energ\u00eda y Ambiente autoriz\u00f3 la cesi\u00f3n de las \u00e1reas Barrancas, Vizcacheras, La Ventana, Mesa Verde, Ceferino y R\u00edo Tunuy\u00e1n. Implica la transferencia del 100% de la participaci\u00f3n de\u00a0<strong>YPF S.A.<\/strong>\u00a0a la empresa Petr\u00f3leos Sudamericanos S.A.<\/p>\n\n\n\n<p>Esta operatoria se da en el marco del Plan Andes que apunta a la revitalizaci\u00f3n de campos maduros. Se trata de la segunda cesi\u00f3n de \u00e1reas, luego del precedente de Llancanelo a PCR en noviembre de 2024. La iniciativa refuerza la tendencia de reestructuraci\u00f3n del sector, en la cual grandes operadoras delegan activos convencionales a empresas especializadas con un enfoque mayor en producci\u00f3n y desarrollo.<\/p>\n\n\n\n<p>\u201cEste modelo no s\u00f3lo permite revitalizar campos considerados maduros o marginales, sino tambi\u00e9n aumentar la producci\u00f3n, atraer inversiones y generar un impacto positivo en las comunidades locales\u201d, destac\u00f3 la ministra de Energ\u00eda y Ambiente, Jimena Latorre.<\/p>\n\n\n\n<p>Desde el Gobierno provincial destacaron que el traspaso de estas \u00e1reas refleja una tendencia creciente en la industria energ\u00e9tica, donde grandes operadoras, como&nbsp;<strong>YPF<\/strong>, concentran sus esfuerzos en activos no convencionales, como Vaca Muerta, mientras transfieren \u00e1reas maduras a empresas especializadas.<\/p>\n\n\n\n<p>La cesi\u00f3n implica la transferencia del 100% de la participaci\u00f3n de&nbsp;<strong>YPF S.A.<\/strong>&nbsp;en estos activos a Petr\u00f3leos Sudamericanos S.A., asegurando la continuidad operativa y la implementaci\u00f3n de nuevas estrategias de producci\u00f3n.<\/p>\n\n\n\n<p>\u201cEstas \u00e1reas representan una producci\u00f3n acumulada de 2.200 m\u00b3\/d, lo que constituye aproximadamente un 25% de la producci\u00f3n total de Mendoza\u201d, se\u00f1al\u00f3 el director de Hidrocarburos del Ministerio de Energ\u00eda y Ambiente, Lucas Erio.<\/p>\n\n\n\n<p>El Gobierno de Mendoza est\u00e1 analizando el cumplimiento de condiciones para la pr\u00f3rroga de las concesiones de las \u00e1reas del Cluster Norte, cuyos vencimientos est\u00e1n pr\u00f3ximos, espec\u00edficamente Barrancas, Vizcacheras, La Ventana y R\u00edo Tunuy\u00e1n, cuyos plazos expiran entre 2026 y 2027.<\/p>\n\n\n\n<p>Remarcaron que esta medida busca fortalecer la seguridad jur\u00eddica y fomentar la inversi\u00f3n a largo plazo en estas \u00e1reas estrat\u00e9gicas.<\/p>\n\n\n\n<p>La resoluci\u00f3n de cesi\u00f3n del Ministerio de Energ\u00eda y Ambiente establece un plazo de cuatro meses para que las empresas formalicen la escritura p\u00fablica de cesi\u00f3n y concluyan los tr\u00e1mites administrativos. Adem\u00e1s, garantiza que tanto la cedente como la cesionaria cumplan con todas las obligaciones legales y contractuales.<\/p>\n\n\n\n<p>Asimismo, la resoluci\u00f3n vela por la responsabilidad ambiental, exigiendo el cumplimiento de los est\u00e1ndares establecidos para el saneamiento de pasivos y el abandono de pozos, garantizando una transici\u00f3n ordenada y sostenible.<\/p>\n\n\n\n<p>&nbsp;\u201cCasos recientes, como la cesi\u00f3n de Llancanelo a PCR, confirman esta estrategia, asegurando que empresas con un enfoque m\u00e1s espec\u00edfico puedan potenciar la producci\u00f3n y maximizar el aprovechamiento de recursos. Otro ejemplo es la presentaci\u00f3n reciente de las empresas CGC y VenOil, cuya solicitud busca aprobar la cesi\u00f3n de las \u00e1reas Piedras Coloradas y Cacheuta\u201d, afirm\u00f3 el director de Hidrocarburos.<\/p>\n\n\n\n<p>En el Gobierno provincial entienden que esta transici\u00f3n no solo mantiene la estabilidad productiva, sino que tambi\u00e9n representa una oportunidad para atraer nuevas inversiones, generar empleo y fortalecer la producci\u00f3n local. La experiencia de operadores especializados garantiza una gesti\u00f3n eficiente y la adopci\u00f3n de tecnolog\u00edas avanzadas para optimizar la explotaci\u00f3n de los recursos.<\/p>\n\n\n\n<p><strong>Fuente: www.mdzol.com<\/strong><\/p>\n","protected":false},"excerpt":{"rendered":"<p>El\u00a0Gobierno de Mendoza\u00a0autoriz\u00f3 la cesi\u00f3n de seis \u00e1reas petroleras del denominado Cluster Norte que estaban en manos de\u00a0YPF, en el marco del Plan Andes que apunta a la revitalizaci\u00f3n de campos maduros. A partir de este proceso, la operaci\u00f3n de estas estar\u00e1 a cargo de Petr\u00f3leos Sudamericanos S.A. A trav\u00e9s de la Resoluci\u00f3n N\u00b0 16, [&hellip;]<\/p>\n","protected":false},"author":2,"featured_media":11335,"comment_status":"open","ping_status":"open","sticky":false,"template":"","format":"standard","meta":[],"categories":[47],"tags":[],"_links":{"self":[{"href":"https:\/\/pasaenmendoza.com\/index.php?rest_route=\/wp\/v2\/posts\/11334"}],"collection":[{"href":"https:\/\/pasaenmendoza.com\/index.php?rest_route=\/wp\/v2\/posts"}],"about":[{"href":"https:\/\/pasaenmendoza.com\/index.php?rest_route=\/wp\/v2\/types\/post"}],"author":[{"embeddable":true,"href":"https:\/\/pasaenmendoza.com\/index.php?rest_route=\/wp\/v2\/users\/2"}],"replies":[{"embeddable":true,"href":"https:\/\/pasaenmendoza.com\/index.php?rest_route=%2Fwp%2Fv2%2Fcomments&post=11334"}],"version-history":[{"count":1,"href":"https:\/\/pasaenmendoza.com\/index.php?rest_route=\/wp\/v2\/posts\/11334\/revisions"}],"predecessor-version":[{"id":11336,"href":"https:\/\/pasaenmendoza.com\/index.php?rest_route=\/wp\/v2\/posts\/11334\/revisions\/11336"}],"wp:featuredmedia":[{"embeddable":true,"href":"https:\/\/pasaenmendoza.com\/index.php?rest_route=\/wp\/v2\/media\/11335"}],"wp:attachment":[{"href":"https:\/\/pasaenmendoza.com\/index.php?rest_route=%2Fwp%2Fv2%2Fmedia&parent=11334"}],"wp:term":[{"taxonomy":"category","embeddable":true,"href":"https:\/\/pasaenmendoza.com\/index.php?rest_route=%2Fwp%2Fv2%2Fcategories&post=11334"},{"taxonomy":"post_tag","embeddable":true,"href":"https:\/\/pasaenmendoza.com\/index.php?rest_route=%2Fwp%2Fv2%2Ftags&post=11334"}],"curies":[{"name":"wp","href":"https:\/\/api.w.org\/{rel}","templated":true}]}}