{"id":11337,"date":"2025-01-30T23:16:49","date_gmt":"2025-01-30T22:16:49","guid":{"rendered":"https:\/\/pasaenmendoza.com\/?p=11337"},"modified":"2025-01-30T23:16:50","modified_gmt":"2025-01-30T22:16:50","slug":"banco-nacion-abrio-el-retiro-anticipado-de-personal-en-mendoza-rumbo-a-la-privatizacion","status":"publish","type":"post","link":"https:\/\/pasaenmendoza.com\/?p=11337","title":{"rendered":"Banco Naci\u00f3n abri\u00f3 el retiro anticipado de personal en Mendoza, rumbo a la privatizaci\u00f3n"},"content":{"rendered":"\n<p>Arranc\u00f3 el camino hacia la\u00a0<strong>privatizaci\u00f3n<\/strong>\u00a0o conversi\u00f3n del\u00a0<strong>Banco Naci\u00f3n<\/strong>\u00a0en sociedad an\u00f3nima. A la espera de que el proyecto vaya al Congreso, la entidad ya empez\u00f3 a preparar el terreno con un\u00a0<strong>ajuste de su planta de personal\u00a0<\/strong>en sucursales de todo el pa\u00eds, incluidas las de\u00a0<strong>Mendoza<\/strong>, a trav\u00e9s de un r\u00e9gimen de\u00a0<strong>retiro<\/strong>\u00a0anticipado.<\/p>\n\n\n\n<p>&#8220;Se va a informar la fecha apenas est\u00e9 definida&#8221;, se\u00f1alaron desde el\u00a0<strong>BNA<\/strong>\u00a0cu\u00e1ndo se enviar\u00e1 al Congreso la reforma de la Carta Org\u00e1nica. Es el primer paso para abrir la estructura del paquete accionario y permitir incorporar a alg\u00fan socio capitalista por primera vez en 134 a\u00f1os de historia desde su fundaci\u00f3n.<\/p>\n\n\n\n<p>Mientras tanto, el recorte de personal para alivianar su estructura est\u00e1 en marcha. La modalidad elegida: una suerte de<strong>&nbsp;retiro anticipado o &#8220;pre-jubilaci\u00f3n&#8221;<\/strong>&nbsp;de trabajadores, que en su mayor\u00eda est\u00e1n a no menos de 5 a\u00f1os de cumplir la edad que exije el&nbsp;<strong>sistema previsional<\/strong>&nbsp;argentino.<\/p>\n\n\n\n<p>El proceso avanza a la par del\u00a0cierre del balance financiero del\u00a0<strong>Naci\u00f3n<\/strong>, que con la decisi\u00f3n tomada de avanzar en la reforma de su estructura para transformarlo en un banco privado muestra n\u00fameros positivos durante 2024. Esto es, tanto de patrimonio como de una cartera de cr\u00e9ditos que creci\u00f3 600%, datos claves para atraer a un\u00a0<strong>inversor<\/strong>\u00a0a futuro.<\/p>\n\n\n\n<h2 class=\"wp-block-heading\">Retiro anticipado o &#8220;prejubilaci\u00f3n&#8221;, la apuesta del Banco Naci\u00f3n<\/h2>\n\n\n\n<p>Aunque el r\u00e9gimen estuvo definido a fines del a\u00f1o pasado, el directorio del&nbsp;<strong>banco estatal argentino<\/strong>&nbsp;aplic\u00f3 algunos cambios.<\/p>\n\n\n\n<p>Sucede que primero el retiro se hab\u00eda abierto para empleadas con 57 a\u00f1os de edad y hombres con 63. Pero desde este mes ese universo se ampli\u00f3 a 55 y 60, respectivamente, con el prop\u00f3sito de sumar m\u00e1s trabajadores a la&nbsp;<strong>jubilaci\u00f3n anticipada<\/strong>&nbsp;hasta marzo pr\u00f3ximo, su vigencia inicial.<\/p>\n\n\n\n<p>&#8220;En&nbsp;<strong>Mendoza<\/strong>&nbsp;hay 110 compa\u00f1eros que cumplen los requisitos y est\u00e1n en condiciones de acceder. En lo que va del a\u00f1o ya acept\u00f3 casi 15%, teniendo en cuenta que es de adhesi\u00f3n voluntaria&#8221;, precis\u00f3 el responsable de la Asociaci\u00f3n Bancaria, Sergio Gim\u00e9nez.<\/p>\n\n\n\n<p>La propuesta para tentar a quienes cumplen los requisitos:&nbsp;<strong>cobrar el equivalente al 80% de su salario<\/strong>&nbsp;actual, que supera un b\u00e1sico de $1,5 mill\u00f3n sin contar la antig\u00fcedad y otros \u00edtems.<\/p>\n\n\n\n<p>Actualmente, el&nbsp;<strong>Banco Naci\u00f3n<\/strong>&nbsp;cuenta con 850 trabajadores entre las distintas zonales del Gran Mendoza, Zona Este y Valle de Uco, adem\u00e1s de otros 150 que se desempe\u00f1an en el Sur provincial.<\/p>\n\n\n\n<p>Por eso, de completarse la n\u00f3mina pretendida para el retiro voluntario, en marzo ese\u00a0<strong>plantel<\/strong>\u00a0se habr\u00e1 reducido en un 10% aproximadamente.<\/p>\n\n\n\n<p><strong>Fuente: www.diariouno.com.ar<\/strong><\/p>\n","protected":false},"excerpt":{"rendered":"<p>Arranc\u00f3 el camino hacia la\u00a0privatizaci\u00f3n\u00a0o conversi\u00f3n del\u00a0Banco Naci\u00f3n\u00a0en sociedad an\u00f3nima. A la espera de que el proyecto vaya al Congreso, la entidad ya empez\u00f3 a preparar el terreno con un\u00a0ajuste de su planta de personal\u00a0en sucursales de todo el pa\u00eds, incluidas las de\u00a0Mendoza, a trav\u00e9s de un r\u00e9gimen de\u00a0retiro\u00a0anticipado. &#8220;Se va a informar la fecha [&hellip;]<\/p>\n","protected":false},"author":2,"featured_media":11338,"comment_status":"open","ping_status":"open","sticky":false,"template":"","format":"standard","meta":[],"categories":[75],"tags":[],"_links":{"self":[{"href":"https:\/\/pasaenmendoza.com\/index.php?rest_route=\/wp\/v2\/posts\/11337"}],"collection":[{"href":"https:\/\/pasaenmendoza.com\/index.php?rest_route=\/wp\/v2\/posts"}],"about":[{"href":"https:\/\/pasaenmendoza.com\/index.php?rest_route=\/wp\/v2\/types\/post"}],"author":[{"embeddable":true,"href":"https:\/\/pasaenmendoza.com\/index.php?rest_route=\/wp\/v2\/users\/2"}],"replies":[{"embeddable":true,"href":"https:\/\/pasaenmendoza.com\/index.php?rest_route=%2Fwp%2Fv2%2Fcomments&post=11337"}],"version-history":[{"count":1,"href":"https:\/\/pasaenmendoza.com\/index.php?rest_route=\/wp\/v2\/posts\/11337\/revisions"}],"predecessor-version":[{"id":11339,"href":"https:\/\/pasaenmendoza.com\/index.php?rest_route=\/wp\/v2\/posts\/11337\/revisions\/11339"}],"wp:featuredmedia":[{"embeddable":true,"href":"https:\/\/pasaenmendoza.com\/index.php?rest_route=\/wp\/v2\/media\/11338"}],"wp:attachment":[{"href":"https:\/\/pasaenmendoza.com\/index.php?rest_route=%2Fwp%2Fv2%2Fmedia&parent=11337"}],"wp:term":[{"taxonomy":"category","embeddable":true,"href":"https:\/\/pasaenmendoza.com\/index.php?rest_route=%2Fwp%2Fv2%2Fcategories&post=11337"},{"taxonomy":"post_tag","embeddable":true,"href":"https:\/\/pasaenmendoza.com\/index.php?rest_route=%2Fwp%2Fv2%2Ftags&post=11337"}],"curies":[{"name":"wp","href":"https:\/\/api.w.org\/{rel}","templated":true}]}}