{"id":11346,"date":"2025-01-31T15:07:16","date_gmt":"2025-01-31T14:07:16","guid":{"rendered":"https:\/\/pasaenmendoza.com\/?p=11346"},"modified":"2025-01-31T15:07:17","modified_gmt":"2025-01-31T14:07:17","slug":"sube-la-temperatura-y-mendoza-sera-un-horno-este-viernes","status":"publish","type":"post","link":"https:\/\/pasaenmendoza.com\/?p=11346","title":{"rendered":"Sube la temperatura y Mendoza ser\u00e1 un horno este viernes"},"content":{"rendered":"\n<p>Mendoza atraviesa otra ola de calor en el final del mes de enero y la misma se incrementar\u00e1 con el inicio del nuevo mes. El Servicio Meteorol\u00f3gico Nacional destac\u00f3 que rige un alerta por temperaturas extremas.<\/p>\n\n\n\n<p>La m\u00e1xima ser\u00e1 de 37 grados y la m\u00ednima 23\u00b0C, seg\u00fan resalta el pron\u00f3stico. Se espera un d\u00eda muy caluroso y con poca nubosidad.<\/p>\n\n\n\n<p>A su vez, el s\u00e1bado 1 de febrero la m\u00e1xima tocar\u00e1 los 38 grados y el domingo la m\u00e1xima ser\u00e1 de 40\u00b0C. El respiro reci\u00e9n llegar\u00eda el lunes, con una temperatura que tocar\u00e1 los 33.<\/p>\n\n\n\n<p>Recomiendan no realizar actividades f\u00edsicas al aire libre sobre todo en horas de la tarde y estar bien hidratados, especialmente los ni\u00f1os y los adultos mayores.<\/p>\n\n\n\n<p><strong>Fuente: www.elsol.com.ar<\/strong><\/p>\n","protected":false},"excerpt":{"rendered":"<p>Mendoza atraviesa otra ola de calor en el final del mes de enero y la misma se incrementar\u00e1 con el inicio del nuevo mes. El Servicio Meteorol\u00f3gico Nacional destac\u00f3 que rige un alerta por temperaturas extremas. La m\u00e1xima ser\u00e1 de 37 grados y la m\u00ednima 23\u00b0C, seg\u00fan resalta el pron\u00f3stico. Se espera un d\u00eda muy [&hellip;]<\/p>\n","protected":false},"author":2,"featured_media":11347,"comment_status":"open","ping_status":"open","sticky":false,"template":"","format":"standard","meta":[],"categories":[52],"tags":[],"_links":{"self":[{"href":"https:\/\/pasaenmendoza.com\/index.php?rest_route=\/wp\/v2\/posts\/11346"}],"collection":[{"href":"https:\/\/pasaenmendoza.com\/index.php?rest_route=\/wp\/v2\/posts"}],"about":[{"href":"https:\/\/pasaenmendoza.com\/index.php?rest_route=\/wp\/v2\/types\/post"}],"author":[{"embeddable":true,"href":"https:\/\/pasaenmendoza.com\/index.php?rest_route=\/wp\/v2\/users\/2"}],"replies":[{"embeddable":true,"href":"https:\/\/pasaenmendoza.com\/index.php?rest_route=%2Fwp%2Fv2%2Fcomments&post=11346"}],"version-history":[{"count":1,"href":"https:\/\/pasaenmendoza.com\/index.php?rest_route=\/wp\/v2\/posts\/11346\/revisions"}],"predecessor-version":[{"id":11348,"href":"https:\/\/pasaenmendoza.com\/index.php?rest_route=\/wp\/v2\/posts\/11346\/revisions\/11348"}],"wp:featuredmedia":[{"embeddable":true,"href":"https:\/\/pasaenmendoza.com\/index.php?rest_route=\/wp\/v2\/media\/11347"}],"wp:attachment":[{"href":"https:\/\/pasaenmendoza.com\/index.php?rest_route=%2Fwp%2Fv2%2Fmedia&parent=11346"}],"wp:term":[{"taxonomy":"category","embeddable":true,"href":"https:\/\/pasaenmendoza.com\/index.php?rest_route=%2Fwp%2Fv2%2Fcategories&post=11346"},{"taxonomy":"post_tag","embeddable":true,"href":"https:\/\/pasaenmendoza.com\/index.php?rest_route=%2Fwp%2Fv2%2Ftags&post=11346"}],"curies":[{"name":"wp","href":"https:\/\/api.w.org\/{rel}","templated":true}]}}