{"id":11349,"date":"2025-01-31T15:15:53","date_gmt":"2025-01-31T14:15:53","guid":{"rendered":"https:\/\/pasaenmendoza.com\/?p=11349"},"modified":"2025-01-31T15:15:54","modified_gmt":"2025-01-31T14:15:54","slug":"brutal-ataque-a-un-chico-en-ciudad-le-dieron-un-balazo-en-la-cabeza","status":"publish","type":"post","link":"https:\/\/pasaenmendoza.com\/?p=11349","title":{"rendered":"Brutal ataque a un chico en Ciudad: le dieron un balazo en la cabeza"},"content":{"rendered":"\n<p>Un adolescente de 16 a\u00f1os recibi\u00f3 un&nbsp;<strong>disparo en la cabeza este viernes por la ma\u00f1ana en inmediaciones de la plaza Aliar<\/strong>, en el complejo La Favorita de Ciudad. La v\u00edctima fue identificada (se reserva su identidad por ser menor) y permanec\u00eda pasadas las 8.45 en estado cr\u00edtico en el Hospital Central, donde fue intervenido quir\u00fargicamente.<\/p>\n\n\n\n<p>El hecho de sangre ocurri\u00f3 a las 7, cuando por motivos que a\u00fan se investigan, el joven fue atacado con un arma de fuego en la calle\u00a0<strong>Azurduy<\/strong>.\u00a0<strong>El proyectil impact\u00f3 en la zona frontal de su cabeza, en zona de la frente, provoc\u00e1ndole una herida de extrema gravedad.<\/strong><\/p>\n\n\n\n<p>Seg\u00fan informaron fuentes policiales, la primera alerta lleg\u00f3 a trav\u00e9s de una llamada al Centro de Operaciones de Emergencia (CEO) realizada por una mujer que manifest\u00f3 haber recibido la noticia de que su hermano hab\u00eda sido baleado.<\/p>\n\n\n\n<p>Personal de la Comisar\u00eda 59\u00aa de La Favorita se desplaz\u00f3 inmediatamente al lugar y comenz\u00f3 a realizar las primeras averiguaciones sobre los motivos del ataque. En ese momento ya se hablaba de un intento de asesinato.<\/p>\n\n\n\n<p>El adolescente fue trasladado inicialmente al\u00a0<strong>Hospital Lagomaggiore, donde recibi\u00f3 las primeras atenciones de urgencia. Debido a la gravedad de la herida, posteriormente fue derivado al Hospital Central<\/strong>, donde fue recibido por la guardia.<\/p>\n\n\n\n<p>El fiscal Carlos Torres orden\u00f3 el despliegue de personal policial de Homicidios trabaje en la zona y tambi\u00e9n lo hicieron efectivos de UID departamental (secuestr\u00f3 las prendas de vestir de la v\u00edctima) y Polic\u00eda Cient\u00edfica, que buscaron testigos e indicios para intentar levantar pruebas en la escena, respectivamente..<\/p>\n\n\n\n<p><strong>Fuente: www.elsol.com.ar<\/strong><\/p>\n","protected":false},"excerpt":{"rendered":"<p>Un adolescente de 16 a\u00f1os recibi\u00f3 un&nbsp;disparo en la cabeza este viernes por la ma\u00f1ana en inmediaciones de la plaza Aliar, en el complejo La Favorita de Ciudad. La v\u00edctima fue identificada (se reserva su identidad por ser menor) y permanec\u00eda pasadas las 8.45 en estado cr\u00edtico en el Hospital Central, donde fue intervenido quir\u00fargicamente. [&hellip;]<\/p>\n","protected":false},"author":2,"featured_media":11350,"comment_status":"open","ping_status":"open","sticky":false,"template":"","format":"standard","meta":[],"categories":[48],"tags":[],"_links":{"self":[{"href":"https:\/\/pasaenmendoza.com\/index.php?rest_route=\/wp\/v2\/posts\/11349"}],"collection":[{"href":"https:\/\/pasaenmendoza.com\/index.php?rest_route=\/wp\/v2\/posts"}],"about":[{"href":"https:\/\/pasaenmendoza.com\/index.php?rest_route=\/wp\/v2\/types\/post"}],"author":[{"embeddable":true,"href":"https:\/\/pasaenmendoza.com\/index.php?rest_route=\/wp\/v2\/users\/2"}],"replies":[{"embeddable":true,"href":"https:\/\/pasaenmendoza.com\/index.php?rest_route=%2Fwp%2Fv2%2Fcomments&post=11349"}],"version-history":[{"count":1,"href":"https:\/\/pasaenmendoza.com\/index.php?rest_route=\/wp\/v2\/posts\/11349\/revisions"}],"predecessor-version":[{"id":11351,"href":"https:\/\/pasaenmendoza.com\/index.php?rest_route=\/wp\/v2\/posts\/11349\/revisions\/11351"}],"wp:featuredmedia":[{"embeddable":true,"href":"https:\/\/pasaenmendoza.com\/index.php?rest_route=\/wp\/v2\/media\/11350"}],"wp:attachment":[{"href":"https:\/\/pasaenmendoza.com\/index.php?rest_route=%2Fwp%2Fv2%2Fmedia&parent=11349"}],"wp:term":[{"taxonomy":"category","embeddable":true,"href":"https:\/\/pasaenmendoza.com\/index.php?rest_route=%2Fwp%2Fv2%2Fcategories&post=11349"},{"taxonomy":"post_tag","embeddable":true,"href":"https:\/\/pasaenmendoza.com\/index.php?rest_route=%2Fwp%2Fv2%2Ftags&post=11349"}],"curies":[{"name":"wp","href":"https:\/\/api.w.org\/{rel}","templated":true}]}}