{"id":11352,"date":"2025-01-31T15:20:45","date_gmt":"2025-01-31T14:20:45","guid":{"rendered":"https:\/\/pasaenmendoza.com\/?p=11352"},"modified":"2025-01-31T15:20:46","modified_gmt":"2025-01-31T14:20:46","slug":"maipu-un-motociclista-se-estrello-contra-un-arbol-y-murio","status":"publish","type":"post","link":"https:\/\/pasaenmendoza.com\/?p=11352","title":{"rendered":"Maip\u00fa: un motociclista se estrell\u00f3 contra un \u00e1rbol y muri\u00f3"},"content":{"rendered":"\n<p>Cerca de las 5.32 de este viernes, un hombre de 23 a\u00f1os identificado como Yael Prospero muri\u00f3 al&nbsp;<strong>chocar contra un \u00e1rbol<\/strong>&nbsp;mientras conduc\u00eda su moto.<\/p>\n\n\n\n<p>El hecho tuvo lugar en la calle Sargento Juan Bautista Cabral y Pablo Pescara, del departamento de&nbsp;<strong>Maip\u00fa<\/strong>.<\/p>\n\n\n\n<p>Un vecino cont\u00f3 que producto de una maniobra de un auto que circulaba por la zona, el motociclista qued\u00f3 \u201c<strong>encerrado<\/strong>\u201c. Luego de ello, perdi\u00f3 el dominio e impact\u00f3 contra un \u00e1rbol. Si bien el veh\u00edculo&nbsp;<strong>no particip\u00f3 del impacto<\/strong>, el testigo manifest\u00f3 no saber hacia donde sigui\u00f3 su camino el rodado.<\/p>\n\n\n\n<p>Personal del Servicio de Emergencias Coordinado constat\u00f3 la\u00a0<strong>muerte\u00a0<\/strong>del joven en el lugar del hecho.<\/p>\n\n\n\n<p><strong>Fuente: www.elsol.com.ar<\/strong><\/p>\n","protected":false},"excerpt":{"rendered":"<p>Cerca de las 5.32 de este viernes, un hombre de 23 a\u00f1os identificado como Yael Prospero muri\u00f3 al&nbsp;chocar contra un \u00e1rbol&nbsp;mientras conduc\u00eda su moto. El hecho tuvo lugar en la calle Sargento Juan Bautista Cabral y Pablo Pescara, del departamento de&nbsp;Maip\u00fa. Un vecino cont\u00f3 que producto de una maniobra de un auto que circulaba por [&hellip;]<\/p>\n","protected":false},"author":2,"featured_media":11353,"comment_status":"open","ping_status":"open","sticky":false,"template":"","format":"standard","meta":[],"categories":[48],"tags":[],"_links":{"self":[{"href":"https:\/\/pasaenmendoza.com\/index.php?rest_route=\/wp\/v2\/posts\/11352"}],"collection":[{"href":"https:\/\/pasaenmendoza.com\/index.php?rest_route=\/wp\/v2\/posts"}],"about":[{"href":"https:\/\/pasaenmendoza.com\/index.php?rest_route=\/wp\/v2\/types\/post"}],"author":[{"embeddable":true,"href":"https:\/\/pasaenmendoza.com\/index.php?rest_route=\/wp\/v2\/users\/2"}],"replies":[{"embeddable":true,"href":"https:\/\/pasaenmendoza.com\/index.php?rest_route=%2Fwp%2Fv2%2Fcomments&post=11352"}],"version-history":[{"count":1,"href":"https:\/\/pasaenmendoza.com\/index.php?rest_route=\/wp\/v2\/posts\/11352\/revisions"}],"predecessor-version":[{"id":11354,"href":"https:\/\/pasaenmendoza.com\/index.php?rest_route=\/wp\/v2\/posts\/11352\/revisions\/11354"}],"wp:featuredmedia":[{"embeddable":true,"href":"https:\/\/pasaenmendoza.com\/index.php?rest_route=\/wp\/v2\/media\/11353"}],"wp:attachment":[{"href":"https:\/\/pasaenmendoza.com\/index.php?rest_route=%2Fwp%2Fv2%2Fmedia&parent=11352"}],"wp:term":[{"taxonomy":"category","embeddable":true,"href":"https:\/\/pasaenmendoza.com\/index.php?rest_route=%2Fwp%2Fv2%2Fcategories&post=11352"},{"taxonomy":"post_tag","embeddable":true,"href":"https:\/\/pasaenmendoza.com\/index.php?rest_route=%2Fwp%2Fv2%2Ftags&post=11352"}],"curies":[{"name":"wp","href":"https:\/\/api.w.org\/{rel}","templated":true}]}}