{"id":11355,"date":"2025-01-31T16:09:52","date_gmt":"2025-01-31T15:09:52","guid":{"rendered":"https:\/\/pasaenmendoza.com\/?p=11355"},"modified":"2025-01-31T16:09:53","modified_gmt":"2025-01-31T15:09:53","slug":"imputaron-por-femicidio-al-detenido-por-el-caso-de-la-mujer-prendida-fuego-en-guaymallen","status":"publish","type":"post","link":"https:\/\/pasaenmendoza.com\/?p=11355","title":{"rendered":"Imputaron por femicidio al detenido por el caso de la mujer prendida fuego en Guaymall\u00e9n"},"content":{"rendered":"\n<p>El&nbsp;<strong>fiscal de Homicidios Carlos Torres<\/strong>&nbsp;imput\u00f3 a&nbsp;<strong>Dami\u00e1n Dar\u00edo Orozco Espejo<\/strong>, el hombre de 42 a\u00f1os que se encuentra detenido por el asesinato de&nbsp;<strong>Antonia N\u00e9lida Falc\u00f3n<\/strong>&nbsp;(60), ocurrido este mi\u00e9rcoles en<strong>&nbsp;Los Corralitos<\/strong>,&nbsp;<strong>Guaymall\u00e9n<\/strong>.<\/p>\n\n\n\n<p>De acuerdo con fuentes judiciales, el representante del Ministerio P\u00fablico lo acus\u00f3 por el delito de<strong>&nbsp;homicidio agravado por mediar violencia de g\u00e9nero<\/strong>, es decir,&nbsp;<strong>femicidio<\/strong>, y en las pr\u00f3ximas horas definir\u00e1 su traslado a un penal provincial.<\/p>\n\n\n\n<p>El sospechoso qued\u00f3 complicado a partir de los resultados que arroj\u00f3 la necropsia desarrollada por el\u00a0<strong>Cuerpo M\u00e9dico Forense\u00a0<\/strong>(<strong>CMF<\/strong>), con la cual se determin\u00f3 que el cad\u00e1ver de la v\u00edctima presentaba infiltraci\u00f3n hem\u00e1tica, lo que puede referirse a la acumulaci\u00f3n de sangre en la zona del cuello.<\/p>\n\n\n\n<p>Con esa informaci\u00f3n que se incorpor\u00f3 al expediente en las \u00faltimas horas, la hip\u00f3tesis de los detectives del caso es que el presunto autor le quit\u00f3 la vida a Falc\u00f3n ahorc\u00e1ndola y luego<strong>&nbsp;la prendi\u00f3 fuego para intentar hacerlo pasar como un incendio<\/strong>&nbsp;o con el objetivo de deshacerse de evidencias, explicaron las fuentes consultadas.<\/p>\n\n\n\n<h2 class=\"wp-block-heading\" id=\"h-el-hecho\">El hecho<\/h2>\n\n\n\n<p>La reconstrucci\u00f3n se\u00f1ala que el incendio en la vivienda del\u00a0<strong>barrio San Vicente II<\/strong>, donde resid\u00eda la v\u00edctima, se registr\u00f3 cerca de las 3 cuando, lo que motiv\u00f3 el desplazamiento de personal de la<strong>\u00a0Comisar\u00eda 58\u00aa<\/strong>\u00a0y<strong>\u00a0Bomberos Voluntarios de Guaymall\u00e9n<\/strong>.<\/p>\n\n\n\n<p>Los funcionarios hallaron a la mujer sentada en una silla y con un elemento en su cuello, el cual habr\u00eda sido utilizado para estrangularla.<\/p>\n\n\n\n<p>Por su parte, seg\u00fan los investigadores, el fuego comenz\u00f3 bajo el asiento que era ocupado por la mujer, quien habr\u00eda sido&nbsp;<strong>rociada con alg\u00fan l\u00edquido inflamable<\/strong>. Mientras que se detect\u00f3 que hab\u00eda&nbsp;<strong>dos garrafas abiertas<\/strong>&nbsp;en la escena.<\/p>\n\n\n\n<p>R\u00e1pidamente, la pesquisa apunt\u00f3 hacia el inquilino del departamento contiguo, quien fue visto salir de la propiedad luego de iniciado el incendio. El hombre fue detenido momentos despu\u00e9s y ahora termin\u00f3 imputado por el presunto femicidio de Falc\u00f3n.<\/p>\n\n\n\n<p><strong>Fuente: www.elsol.com.ar<\/strong><\/p>\n","protected":false},"excerpt":{"rendered":"<p>El&nbsp;fiscal de Homicidios Carlos Torres&nbsp;imput\u00f3 a&nbsp;Dami\u00e1n Dar\u00edo Orozco Espejo, el hombre de 42 a\u00f1os que se encuentra detenido por el asesinato de&nbsp;Antonia N\u00e9lida Falc\u00f3n&nbsp;(60), ocurrido este mi\u00e9rcoles en&nbsp;Los Corralitos,&nbsp;Guaymall\u00e9n. De acuerdo con fuentes judiciales, el representante del Ministerio P\u00fablico lo acus\u00f3 por el delito de&nbsp;homicidio agravado por mediar violencia de g\u00e9nero, es decir,&nbsp;femicidio, y en [&hellip;]<\/p>\n","protected":false},"author":2,"featured_media":11356,"comment_status":"open","ping_status":"open","sticky":false,"template":"","format":"standard","meta":[],"categories":[48],"tags":[],"_links":{"self":[{"href":"https:\/\/pasaenmendoza.com\/index.php?rest_route=\/wp\/v2\/posts\/11355"}],"collection":[{"href":"https:\/\/pasaenmendoza.com\/index.php?rest_route=\/wp\/v2\/posts"}],"about":[{"href":"https:\/\/pasaenmendoza.com\/index.php?rest_route=\/wp\/v2\/types\/post"}],"author":[{"embeddable":true,"href":"https:\/\/pasaenmendoza.com\/index.php?rest_route=\/wp\/v2\/users\/2"}],"replies":[{"embeddable":true,"href":"https:\/\/pasaenmendoza.com\/index.php?rest_route=%2Fwp%2Fv2%2Fcomments&post=11355"}],"version-history":[{"count":1,"href":"https:\/\/pasaenmendoza.com\/index.php?rest_route=\/wp\/v2\/posts\/11355\/revisions"}],"predecessor-version":[{"id":11357,"href":"https:\/\/pasaenmendoza.com\/index.php?rest_route=\/wp\/v2\/posts\/11355\/revisions\/11357"}],"wp:featuredmedia":[{"embeddable":true,"href":"https:\/\/pasaenmendoza.com\/index.php?rest_route=\/wp\/v2\/media\/11356"}],"wp:attachment":[{"href":"https:\/\/pasaenmendoza.com\/index.php?rest_route=%2Fwp%2Fv2%2Fmedia&parent=11355"}],"wp:term":[{"taxonomy":"category","embeddable":true,"href":"https:\/\/pasaenmendoza.com\/index.php?rest_route=%2Fwp%2Fv2%2Fcategories&post=11355"},{"taxonomy":"post_tag","embeddable":true,"href":"https:\/\/pasaenmendoza.com\/index.php?rest_route=%2Fwp%2Fv2%2Ftags&post=11355"}],"curies":[{"name":"wp","href":"https:\/\/api.w.org\/{rel}","templated":true}]}}