{"id":11361,"date":"2025-01-31T22:10:01","date_gmt":"2025-01-31T21:10:01","guid":{"rendered":"https:\/\/pasaenmendoza.com\/?p=11361"},"modified":"2025-01-31T22:10:02","modified_gmt":"2025-01-31T21:10:02","slug":"vencio-el-plazo-para-reestructurar-la-deuda-de-impsa-y-la-privatizacion-debera-esperar","status":"publish","type":"post","link":"https:\/\/pasaenmendoza.com\/?p=11361","title":{"rendered":"Venci\u00f3 el plazo para reestructurar la deuda de IMPSA y la privatizaci\u00f3n deber\u00e1 esperar"},"content":{"rendered":"\n<p>El 31 de enero era el d\u00eda marcado para el traspaso o\u00a0<strong>privatizaci\u00f3n de IMPSA<\/strong>\u00a0tras 3 a\u00f1os y medio en \u00f3rbita estatal. La firma estadounidense ARC Energy deb\u00eda presentar un acuerdo global de\u00a0<strong>reestructuraci\u00f3n<\/strong>\u00a0de la\u00a0<strong>deuda<\/strong>\u00a0de m\u00e1s de U$S 565 millones, pero no hubo conformidad final y el plazo se prorrog\u00f3 al menos\u00a0<strong>hasta la segunda semana de febrero.<\/strong><\/p>\n\n\n\n<p>&#8220;Vamos bien,&nbsp;<strong>somos optimistas con el&nbsp;<em>closing<\/em>&nbsp;(cierre) del acuerdo<\/strong>&#8221; se\u00f1al\u00f3 lac\u00f3nicamente una fuente de la compa\u00f1\u00eda, que pertenece al fondo de inversi\u00f3n Industrial Acquisitions Fund (IAF), sobre la anuencia final de los acreedores, de la cual depende que termine concret\u00e1ndose el traspaso a manos privadas.<\/p>\n\n\n\n<p>A mediados de este mes,&nbsp;<strong>IMPSA<\/strong>&nbsp;hab\u00eda confirmado el pedido de IAF de contar con &#8220;un plazo hasta el 31 de enero para obtener consentimientos al refinanciamiento de la deuda de&nbsp;<strong>IMPSA<\/strong>. De cumplirse esta condici\u00f3n (o si IAF renuncia a ella), se proceder\u00e1 a la redacci\u00f3n del contrato de compraventa&#8221;.<\/p>\n\n\n\n<p>Ahora, el argumento esgrimido por el potencial comprador de&nbsp;<strong>IMPSA<\/strong>&nbsp;es que todav\u00eda faltan &#8220;detalles&#8221; para que los m\u00e1s duros terminen de firmar la carta-intenci\u00f3n, y por esa raz\u00f3n pedir\u00e1 m\u00e1s tiempo al Gobierno.<\/p>\n\n\n\n<p>Ante esa situaci\u00f3n, ahora ARC apuesta que durante los primeros d\u00edas de febrero terminar\u00e1n de cerrar el proceso con la conformidad final de los\u00a0<strong>acreedores<\/strong>.<\/p>\n\n\n\n<h2 class=\"wp-block-heading\">Acuerdo y traspaso de IMPSA<\/h2>\n\n\n\n<p>De aprobarse, finalmente llegar\u00e1 la esperada capitalizaci\u00f3n o\u00a0<strong>desembolso de U$S 27 millones\u00a0<\/strong>prometido\u00a0<a href=\"https:\/\/www.diariouno.com.ar\/economia\/impsa-llega-la-privatizacion-perder-mas-56-mil-millones-este-ano-n1371828\">para que\u00a0<\/a><strong><a href=\"https:\/\/www.diariouno.com.ar\/economia\/impsa-llega-la-privatizacion-perder-mas-56-mil-millones-este-ano-n1371828\">IMPSA<\/a><\/strong>\u00a0pueda sanearse financieramente, tras perder valor durante 2024.<\/p>\n\n\n\n<p>M\u00e1s all\u00e1 de ese optimismo, hasta avanzado el jueves, pen\u00faltimo d\u00eda de enero y v\u00edspera del vencimiento del plazo, nadie pod\u00eda garantizar la presentaci\u00f3n del acuerdo. Y se especulaba con una&nbsp;<strong>pr\u00f3rroga<\/strong>.<\/p>\n\n\n\n<p>Desde el seno del \u00fanico interesado por quedarse con el control de la multinacional mendocina confiaron en que &#8220;desde el lunes 10 estaremos en condiciones de firmar el&nbsp;<strong>acuerdo<\/strong>&nbsp;y el traspaso&#8221;. Y relativizaron la pr\u00f3rroga: &#8220;Lo vamos a lograr en&nbsp;<strong>tiempo r\u00e9cord<\/strong>, porque una reestructuraci\u00f3n de este nivel de deuda no lleva menos de 6 meses&#8221;.<\/p>\n\n\n\n<p>Desde que&nbsp;<a href=\"https:\/\/www.diariouno.com.ar\/politica\/nacion-avalo-la-propuesta-arc-energy-privatizar-impsa-y-cornejo-recibio-un-representante-n1391218\">el Comit\u00e9 Evaluador de la licitaci\u00f3n recomend\u00f3 la cesi\u00f3n del 85% del paquete<\/a>&nbsp;que le permite el control al Estado las gestiones para acelerar el traspaso fueron contrarreloj. Hasta entonces, el 63,7% del capital seguir\u00e1 en manos de la Naci\u00f3n a trav\u00e9s del Fondo Nacional de Desarrollo Productivo (FONDEP), y otro 21,2% es de la provincia de&nbsp;<strong>Mendoza<\/strong>.<\/p>\n\n\n\n<p>La familia Pescarmona, fundadora y due\u00f1a de IMPSA, conserva un 5,3% de un fideicomiso armado luego de la \u00faltima reestructuraci\u00f3n accionaria en 2016. Y el restante 9,8% corresponde a\u00a0<strong>acreedores<\/strong>\u00a0de la compa\u00f1\u00eda, por el cual ocupan un sill\u00f3n en el directorio y no los exime del\u00a0<strong>derecho a reclamar<\/strong>\u00a0por lo que le debe la multinacional mendocina.<\/p>\n\n\n\n<h2 class=\"wp-block-heading\">La pulseada por la deuda de IMPSA<\/h2>\n\n\n\n<p>Justamente las&nbsp;<strong>condiciones<\/strong>&nbsp;son el quid de la cuesti\u00f3n para los acreedores.<\/p>\n\n\n\n<p>De hecho, las primeras\u00a0conversaciones para avanzar con la\u00a0<strong>reestructuraci\u00f3n de la deuda de IMPSA<\/strong>\u00a0hab\u00edan empezado en los d\u00edas previos a Navidad. Y aunque se esperaban definiciones para los primeros d\u00edas de enero, el desenlace se hace desear.<\/p>\n\n\n\n<p>Si bien la propuesta de los norteamericanos es renegociar un&nbsp;<strong>bono en d\u00f3lares<\/strong>&nbsp;a pagar en 2028 al 2035, lo que ha sido una traba para el acuerdo es que ante la exigencia de poder cobrar en un plazo m\u00e1s corto implica una quita que no est\u00e1n dispuestos a aceptar.<\/p>\n\n\n\n<p>La lista con quienes&nbsp;<strong>ARC<\/strong>&nbsp;debe rubricar un&nbsp;<strong>convenio<\/strong>&nbsp;es nutrida: desde el Export Development Canada y la Corporaci\u00f3n Andina de Fomento, hasta el fondo inversor chileno Moneda, al que est\u00e1 vinculado el viceministro de Econom\u00eda Jos\u00e9 Luis Daza. Tambi\u00e9n bonistas internacionales y el grupo brasile\u00f1o Bradesco, as\u00ed como Bapro (Banco Provincia), el Hipotecario; el BICE y tenedores de varias series de Obligaciones Negociables (ON).<\/p>\n\n\n\n<p>Con ese escenario abierto, hasta \u00faltima hora del jueves 30 de enero, ARC esperaba el ok final del Gobierno nacional sobre la\u00a0<strong>pr\u00f3rroga del plazo<\/strong>. Pero con la proyecci\u00f3n de la nueva fecha de cierre, el aval oficial a su pedido ya se daba por consumado.<\/p>\n\n\n\n<p><strong>Fuente: www.diariouno.com.ar<\/strong><\/p>\n","protected":false},"excerpt":{"rendered":"<p>El 31 de enero era el d\u00eda marcado para el traspaso o\u00a0privatizaci\u00f3n de IMPSA\u00a0tras 3 a\u00f1os y medio en \u00f3rbita estatal. La firma estadounidense ARC Energy deb\u00eda presentar un acuerdo global de\u00a0reestructuraci\u00f3n\u00a0de la\u00a0deuda\u00a0de m\u00e1s de U$S 565 millones, pero no hubo conformidad final y el plazo se prorrog\u00f3 al menos\u00a0hasta la segunda semana de febrero. [&hellip;]<\/p>\n","protected":false},"author":2,"featured_media":11362,"comment_status":"open","ping_status":"open","sticky":false,"template":"","format":"standard","meta":[],"categories":[75],"tags":[],"_links":{"self":[{"href":"https:\/\/pasaenmendoza.com\/index.php?rest_route=\/wp\/v2\/posts\/11361"}],"collection":[{"href":"https:\/\/pasaenmendoza.com\/index.php?rest_route=\/wp\/v2\/posts"}],"about":[{"href":"https:\/\/pasaenmendoza.com\/index.php?rest_route=\/wp\/v2\/types\/post"}],"author":[{"embeddable":true,"href":"https:\/\/pasaenmendoza.com\/index.php?rest_route=\/wp\/v2\/users\/2"}],"replies":[{"embeddable":true,"href":"https:\/\/pasaenmendoza.com\/index.php?rest_route=%2Fwp%2Fv2%2Fcomments&post=11361"}],"version-history":[{"count":1,"href":"https:\/\/pasaenmendoza.com\/index.php?rest_route=\/wp\/v2\/posts\/11361\/revisions"}],"predecessor-version":[{"id":11363,"href":"https:\/\/pasaenmendoza.com\/index.php?rest_route=\/wp\/v2\/posts\/11361\/revisions\/11363"}],"wp:featuredmedia":[{"embeddable":true,"href":"https:\/\/pasaenmendoza.com\/index.php?rest_route=\/wp\/v2\/media\/11362"}],"wp:attachment":[{"href":"https:\/\/pasaenmendoza.com\/index.php?rest_route=%2Fwp%2Fv2%2Fmedia&parent=11361"}],"wp:term":[{"taxonomy":"category","embeddable":true,"href":"https:\/\/pasaenmendoza.com\/index.php?rest_route=%2Fwp%2Fv2%2Fcategories&post=11361"},{"taxonomy":"post_tag","embeddable":true,"href":"https:\/\/pasaenmendoza.com\/index.php?rest_route=%2Fwp%2Fv2%2Ftags&post=11361"}],"curies":[{"name":"wp","href":"https:\/\/api.w.org\/{rel}","templated":true}]}}