{"id":1137,"date":"2023-09-01T15:39:58","date_gmt":"2023-09-01T13:39:58","guid":{"rendered":"https:\/\/pasaenmendoza.com\/?p=1137"},"modified":"2023-09-01T15:39:58","modified_gmt":"2023-09-01T13:39:58","slug":"la-banda-familiar-acusada-de-organizar-asaltos-a-traves-de-facebook-en-el-oeste-de-ciudad","status":"publish","type":"post","link":"https:\/\/pasaenmendoza.com\/?p=1137","title":{"rendered":"La banda familiar acusada de organizar asaltos a trav\u00e9s de Facebook en el oeste de Ciudad"},"content":{"rendered":"\n<p>Desde hace m\u00e1s de tres a\u00f1os que los asaltos posteriores a operaciones de compra-venta acordadas a trav\u00e9s de\u00a0<strong>Facebook\u00a0<\/strong>se transformaron en un dolor de cabeza para la Polic\u00eda, la Justicia y el Ejecutivo provincial. El modus operandi tom\u00f3 fuerza durante la pandemia y los hechos jam\u00e1s menguaron, pese a que diversas investigaciones permitieron detener algunas bandas delictivas.<\/p>\n\n\n\n<p>Hace exactamente siete d\u00edas, una nueva banda que actuaba con esa modalidad en el oeste de\u00a0<strong>Ciudad\u00a0<\/strong>fue desbaratada -en parte- luego de quedar sindicada por, al menos, dos atracos armados, uno de los cuales termin\u00f3 con una v\u00edctima herida de bala.<\/p>\n\n\n\n<p>Se trata de\u00a0<mark>un grupo familiar que contaba con colaboraci\u00f3n desde la c\u00e1rcel para captar a potenciales v\u00edctimas a trav\u00e9s de la plataforma\u00a0<strong>Marketplace\u00a0<\/strong><\/mark>de la citada red social.<\/p>\n\n\n\n<p>A ra\u00edz de una investigaci\u00f3n desarrollada por la\u00a0<strong>Divisi\u00f3n Homicidios<\/strong>, de Investigaciones, que trabaj\u00f3 bajo las directivas del fiscal\u00a0<strong>Carlos Torres<\/strong>, capturaron a dos mujeres y a un menor de edad.<\/p>\n\n\n\n<p>En los allanamientos que se hicieron en los barrios<strong>\u00a0San Mart\u00edn<\/strong>\u00a0y\u00a0<strong>Sargento Cabral<\/strong>, en Capital y Las Heras, respectivamente, fueron detenidas\u00a0<mark><strong>Antonella Romina Albornoz Gim\u00e9nez<\/strong>\u00a0(31) \u2013estuvo detenida el a\u00f1o pasado por estafas\u2013 y\u00a0<strong>Andrea Daniela Varela\u00a0<\/strong>(32)<\/mark>. Tambi\u00e9n cay\u00f3 un hijo de esta \u00faltima, un menor de 17 a\u00f1os, quien alcanzar\u00e1 la mayor\u00eda de edad el pr\u00f3ximo 21 de diciembre.<\/p>\n\n\n\n<p>Adem\u00e1s, se desarroll\u00f3 en el\u00a0<strong>penal San Felipe\u00a0<\/strong>una medida en la celda de un hermano de la mujer, llamado\u00a0<mark><strong>Lucas Norberto Varela Gim\u00e9nez<\/strong>\u00a0(30), ya que est\u00e1 sospechado de realizar las publicaciones en Facebook y establecer el primer contacto con los usuarios<\/mark>\u00a0que eran posibles blancos de los robos. Luego, las v\u00edctimas pasaban a hablar con Albornoz a trav\u00e9s de<strong>\u00a0WhatsApp<\/strong>, quien los citaba al lugar donde supuestamente iban a realizar la transacci\u00f3n, pero terminaban siendo asaltados.<\/p>\n\n\n\n<p>El fiscal Torres imput\u00f3 a los cuatro sospechosos por\u00a0<mark>homicidio criminis causa en concurso real con robo agravado por ser en poblado y en banda, todo en grado de tentativa y agravado por la participaci\u00f3n de un menor<\/mark>.<\/p>\n\n\n\n<p>En la causa a\u00fan resta por detener la pareja de Andrea Varela y padre del menor, individualizado como\u00a0<strong>Jos\u00e9 Alfonso Tejada Paura<\/strong>, alias\u00a0<em>Pepe\u00a0<\/em>o\u00a0<em>Gordo Pepi<\/em>. Tampoco se descarta la participaci\u00f3n en los hechos de una hermana y un cu\u00f1ado de Varela, quienes fueron mencionados en medio de las averiguaciones practicadas por los pesquisas, pero por etas horas no est\u00e1n sindicados en el expediente.<\/p>\n\n\n\n<p><strong>Los hechos<\/strong><\/p>\n\n\n\n<p>El primer caso se registr\u00f3 el martes 25 de julio, cuando dos hombres, de 39 y 50 a\u00f1os,\u00a0<mark>se dirigieron en auto hasta el barrio San Mart\u00edn luego de pactar la compra de una\u00a0<strong>PlayStation 4<\/strong>\u00a0a cambio de 350.000 pesos<\/mark>.<\/p>\n\n\n\n<p>Cuando llegaron a la manzana D, el punto de encuentro acordado, se reunieron con Romina Albornoz, de acuerdo con la reconstrucci\u00f3n que hicieron los investigadores, quien ven\u00eda caminando por la calle y se excus\u00f3 con que estaba regresando de comprar, por lo que deb\u00eda abrir su casa para mostrarles la consola.<\/p>\n\n\n\n<p>En ese instante, tres sujetos, entre los que se encontraba el menor, se acercaron hacia una de las v\u00edctimas, que hab\u00eda descendido del rodado. El hombre advirti\u00f3 que lo iban a asaltar y se subi\u00f3 al veh\u00edculo donde estaba su amigo.<\/p>\n\n\n\n<p>Acto seguido,\u00a0<mark>los sospechosos comenzaron a efectuar disparos con armas de fuego contra el auto, hiriendo a la mayor de las v\u00edctimas, ya que una bala le roz\u00f3 la cabeza<\/mark>.<\/p>\n\n\n\n<p>Pese a las abundantes detonaciones, el conductor logr\u00f3 salir de all\u00ed y llev\u00f3 a su amigo hasta el<strong>\u00a0Hospital Central<\/strong>, donde recibi\u00f3 atenci\u00f3n m\u00e9dica por la lesi\u00f3n sufrida.<\/p>\n\n\n\n<p>Por su parte, el otro episodio tuvo lugar el 10 de agosto, una pareja de j\u00f3venes -una chica y un var\u00f3n de 24 y 26 a\u00f1os, respectivamente- fueron en moto hasta la citada barriada del oeste capitalino.<\/p>\n\n\n\n<p>Ambos hab\u00edan pactado reunirse con un hombre que les iba a comprar una pava el\u00e9ctrica y un cuadro de ducha, de acuerdo con la informaci\u00f3n policial.<\/p>\n\n\n\n<p>No obstante, una vez que llegaron al lugar\u00a0<mark>fueron sorprendidos por malvivientes que les sustrajeron esos elementos que iban a comercializar y tambi\u00e9n sus pertenencias personales<\/mark>.<\/p>\n\n\n\n<p>M\u00e1s all\u00e1 de esos dos hechos que fueron vinculados a la banda familiar, durante esos d\u00edas se registraron otros casos similares y los pesquisas buscan establecer si fueron perpetrados por los mismos autores.<\/p>\n\n\n\n<p>Uno de los atracos que tom\u00f3 mayor relevancia fue el del docente y por entonces precandidato a concejal de Tupungato,\u00a0<strong>Dar\u00edo Jes\u00fas Quiroga<\/strong>, quien fue baleado cuando fue a comprar una PlayStation al barrio San Mart\u00edn\u00a0y permaneci\u00f3 varios d\u00edas en grave estado. Tambi\u00e9n hab\u00eda acordado la operaci\u00f3n a trav\u00e9s de Facebook.<\/p>\n\n\n\n<p><strong>Fuente: www.elsol.com.ar<\/strong><\/p>\n\n\n\n<p><\/p>\n","protected":false},"excerpt":{"rendered":"<p>Desde hace m\u00e1s de tres a\u00f1os que los asaltos posteriores a operaciones de compra-venta acordadas a trav\u00e9s de\u00a0Facebook\u00a0se transformaron en un dolor de cabeza para la Polic\u00eda, la Justicia y el Ejecutivo provincial. El modus operandi tom\u00f3 fuerza durante la pandemia y los hechos jam\u00e1s menguaron, pese a que diversas investigaciones permitieron detener algunas bandas [&hellip;]<\/p>\n","protected":false},"author":2,"featured_media":1139,"comment_status":"open","ping_status":"open","sticky":false,"template":"","format":"standard","meta":[],"categories":[48],"tags":[],"_links":{"self":[{"href":"https:\/\/pasaenmendoza.com\/index.php?rest_route=\/wp\/v2\/posts\/1137"}],"collection":[{"href":"https:\/\/pasaenmendoza.com\/index.php?rest_route=\/wp\/v2\/posts"}],"about":[{"href":"https:\/\/pasaenmendoza.com\/index.php?rest_route=\/wp\/v2\/types\/post"}],"author":[{"embeddable":true,"href":"https:\/\/pasaenmendoza.com\/index.php?rest_route=\/wp\/v2\/users\/2"}],"replies":[{"embeddable":true,"href":"https:\/\/pasaenmendoza.com\/index.php?rest_route=%2Fwp%2Fv2%2Fcomments&post=1137"}],"version-history":[{"count":1,"href":"https:\/\/pasaenmendoza.com\/index.php?rest_route=\/wp\/v2\/posts\/1137\/revisions"}],"predecessor-version":[{"id":1140,"href":"https:\/\/pasaenmendoza.com\/index.php?rest_route=\/wp\/v2\/posts\/1137\/revisions\/1140"}],"wp:featuredmedia":[{"embeddable":true,"href":"https:\/\/pasaenmendoza.com\/index.php?rest_route=\/wp\/v2\/media\/1139"}],"wp:attachment":[{"href":"https:\/\/pasaenmendoza.com\/index.php?rest_route=%2Fwp%2Fv2%2Fmedia&parent=1137"}],"wp:term":[{"taxonomy":"category","embeddable":true,"href":"https:\/\/pasaenmendoza.com\/index.php?rest_route=%2Fwp%2Fv2%2Fcategories&post=1137"},{"taxonomy":"post_tag","embeddable":true,"href":"https:\/\/pasaenmendoza.com\/index.php?rest_route=%2Fwp%2Fv2%2Ftags&post=1137"}],"curies":[{"name":"wp","href":"https:\/\/api.w.org\/{rel}","templated":true}]}}