{"id":11377,"date":"2025-02-03T14:31:02","date_gmt":"2025-02-03T13:31:02","guid":{"rendered":"https:\/\/pasaenmendoza.com\/?p=11377"},"modified":"2025-02-03T14:31:03","modified_gmt":"2025-02-03T13:31:03","slug":"pronostican-una-nueva-ola-de-calor-para-esta-semana-en-mendoza-que-dia-llegara-y-de-cuanto-sera-la-maxima","status":"publish","type":"post","link":"https:\/\/pasaenmendoza.com\/?p=11377","title":{"rendered":"Pronostican una nueva ola de calor para esta semana en Mendoza: qu\u00e9 d\u00eda llegar\u00e1 y de cu\u00e1nto ser\u00e1 la m\u00e1xima"},"content":{"rendered":"\n<p>Luego de un fin de semana agobiante, este lunes parece haber llegado un alivio en cuanto a la<strong>&nbsp;ola de calor&nbsp;<\/strong>que atraves\u00f3&nbsp;<strong>Mendoza&nbsp;<\/strong>en los \u00faltimos d\u00edas. Sin embargo, las m\u00e1ximas volver\u00e1n a subir mientras transcurra la semana.<\/p>\n\n\n\n<p>En concreto,&nbsp;<strong>este lunes habr\u00e1 una m\u00e1xima de 33\u00b0C<\/strong>&nbsp;y una m\u00ednima de 26\u00b0C. Esto significa un gran alivio respecto a los 39\u00b0C que marc\u00f3 Mendoza durante el s\u00e1bado y el domingo. Para el d\u00eda martes, la temperatura aumentar\u00e1 a 32\u00b0C y el mi\u00e9rcoles a 33\u00b0C.<\/p>\n\n\n\n<p>Las cosas comenzar\u00e1n a empeorar desde el jueves en adelante. Ese d\u00eda la m\u00e1xima llegar\u00e1 a 36 grados en lo que podr\u00eda marcar el inicio de otra ola de calor en la provincia.<\/p>\n\n\n\n<p>Hacia el viernes y s\u00e1bado se registrar\u00e1n m\u00e1ximas de 39\u00b0, mientras que el domingo ser\u00e1 el peor d\u00eda del fin de semana ya que la temperatura se ubicar\u00e1 en 42\u00b0C seg\u00fan marc\u00f3 el meteor\u00f3logo&nbsp;<strong>Fernando Jara.<\/strong><\/p>\n\n\n\n<p>Mendoza se mantiene en alerta rojo por temperaturas extremas seg\u00fan destac\u00f3 el\u00a0<strong>Servicio Meteorol\u00f3gico Nacional<\/strong>. El alerta se extender\u00e1 por los pr\u00f3ximos d\u00edas.<\/p>\n\n\n\n<p><strong>Fuente: www.elsol.com.ar<\/strong><\/p>\n","protected":false},"excerpt":{"rendered":"<p>Luego de un fin de semana agobiante, este lunes parece haber llegado un alivio en cuanto a la&nbsp;ola de calor&nbsp;que atraves\u00f3&nbsp;Mendoza&nbsp;en los \u00faltimos d\u00edas. Sin embargo, las m\u00e1ximas volver\u00e1n a subir mientras transcurra la semana. En concreto,&nbsp;este lunes habr\u00e1 una m\u00e1xima de 33\u00b0C&nbsp;y una m\u00ednima de 26\u00b0C. Esto significa un gran alivio respecto a los [&hellip;]<\/p>\n","protected":false},"author":2,"featured_media":11378,"comment_status":"open","ping_status":"open","sticky":false,"template":"","format":"standard","meta":[],"categories":[52],"tags":[],"_links":{"self":[{"href":"https:\/\/pasaenmendoza.com\/index.php?rest_route=\/wp\/v2\/posts\/11377"}],"collection":[{"href":"https:\/\/pasaenmendoza.com\/index.php?rest_route=\/wp\/v2\/posts"}],"about":[{"href":"https:\/\/pasaenmendoza.com\/index.php?rest_route=\/wp\/v2\/types\/post"}],"author":[{"embeddable":true,"href":"https:\/\/pasaenmendoza.com\/index.php?rest_route=\/wp\/v2\/users\/2"}],"replies":[{"embeddable":true,"href":"https:\/\/pasaenmendoza.com\/index.php?rest_route=%2Fwp%2Fv2%2Fcomments&post=11377"}],"version-history":[{"count":1,"href":"https:\/\/pasaenmendoza.com\/index.php?rest_route=\/wp\/v2\/posts\/11377\/revisions"}],"predecessor-version":[{"id":11379,"href":"https:\/\/pasaenmendoza.com\/index.php?rest_route=\/wp\/v2\/posts\/11377\/revisions\/11379"}],"wp:featuredmedia":[{"embeddable":true,"href":"https:\/\/pasaenmendoza.com\/index.php?rest_route=\/wp\/v2\/media\/11378"}],"wp:attachment":[{"href":"https:\/\/pasaenmendoza.com\/index.php?rest_route=%2Fwp%2Fv2%2Fmedia&parent=11377"}],"wp:term":[{"taxonomy":"category","embeddable":true,"href":"https:\/\/pasaenmendoza.com\/index.php?rest_route=%2Fwp%2Fv2%2Fcategories&post=11377"},{"taxonomy":"post_tag","embeddable":true,"href":"https:\/\/pasaenmendoza.com\/index.php?rest_route=%2Fwp%2Fv2%2Ftags&post=11377"}],"curies":[{"name":"wp","href":"https:\/\/api.w.org\/{rel}","templated":true}]}}