{"id":1138,"date":"2023-09-01T15:41:28","date_gmt":"2023-09-01T13:41:28","guid":{"rendered":"https:\/\/pasaenmendoza.com\/?p=1138"},"modified":"2023-09-01T15:41:29","modified_gmt":"2023-09-01T13:41:29","slug":"tras-el-mayor-aumento-de-los-ultimos-18-anos-el-precio-de-la-carne-comenzo-a-bajar","status":"publish","type":"post","link":"https:\/\/pasaenmendoza.com\/?p=1138","title":{"rendered":"Tras el mayor aumento de los \u00faltimos 18 a\u00f1os el precio de la carne comenz\u00f3 a bajar"},"content":{"rendered":"\n<p>La disparada de los precios de la\u00a0<strong>carne<\/strong>\u00a0durante agosto, adem\u00e1s de ser la mayor que se registr\u00f3 en por lo menos 18 a\u00f1os, tuvo consecuencias.\u00a0<strong>Baj\u00f3 mucho el consumo\u00a0<\/strong>y ahora, en los \u00faltimos d\u00edas, tambi\u00e9n\u00a0<strong>retrocedieron los precios en alrededor del 15%.<\/strong><\/p>\n\n\n\n<p>El d\u00eda despu\u00e9s de las PASO presidenciales 2023 -es decir el 14 de agosto- hubo una&nbsp;<strong>fuerte devaluaci\u00f3n<\/strong>&nbsp;y al mismo tiempo se produjo la&nbsp;<strong>estampida del d\u00f3lar<\/strong>&nbsp;y los precios se fueron por las nubes.<\/p>\n\n\n\n<p>En algunos productos, sobre todo alimenticios,\u00a0<strong>los incrementos llegaron hasta el 30% o 40%<\/strong>, con la caracter\u00edstica de que hubo casos en que se produjeron dos subas en el mismo d\u00eda.\u00a0<strong>En algunos cortes de carne se comprob\u00f3 hasta un 60% de alza de valores. Una situaci\u00f3n as\u00ed no se viv\u00eda desde 2005.<\/strong><\/p>\n\n\n\n<h2 class=\"wp-block-heading\">El mayor aumento del precio de la carne en los \u00faltimos 18 a\u00f1os<\/h2>\n\n\n\n<p><strong>Marcos Grabiec<\/strong>, gerente de la cadena de carnicer\u00edas Roberto Graziot\u00edn, admiti\u00f3 que&nbsp;<strong>&#8220;en agosto hubo aumentos que hace 18 a\u00f1os no se daban.<\/strong>&nbsp;Fue muy fuerte la suba&#8221;.<\/p>\n\n\n\n<p>En una nota con Paula Jalil -periodista de Radio Nihuil- cont\u00f3 que &#8220;<strong>el consumo baj\u00f3 de inmediato<\/strong>. Es cierto que la carne llevaba un tiempo sin subir de precio, pero esta vez fue muy importante el incremento en pocos d\u00edas&#8221;.<\/p>\n\n\n\n<p><strong>&#8220;Sabemos que el poder adquisitivo es bajo y eso claramente influy\u00f3 para que la gente consumiera menos. Eso hace que ahora el producto baje sus precios&#8221;,<\/strong>&nbsp;a\u00f1adi\u00f3 Grabiec.<\/p>\n\n\n\n<p>Lo que m\u00e1s se advirti\u00f3 fue que las compras se redujeron en volumen. As\u00ed, quien compraba un kilo de un corte, pas\u00f3 a adquirir medio kilo, o cambi\u00f3 la blanda de primera a blanda de segunda.<\/p>\n\n\n\n<p><strong>&#8220;Dame 3 bifes&#8221; es un pedido com\u00fan entre los clientes, que tienen el bolsillo cada vez m\u00e1s flaco<\/strong><\/p>\n\n\n\n<p><strong>&#8220;Dame 3 bifes&#8221;<\/strong>&nbsp;se convirti\u00f3 en una las demandas m\u00e1s escuchadas por los carniceros que vieron c\u00f3mo los clientes compraban lo justo y necesario para el d\u00eda y nada para freezar.<\/p>\n\n\n\n<p>El directivo de Graziot\u00edn dijo que<strong>&nbsp;&#8220;es dif\u00edcil cuantificar cu\u00e1nto baj\u00f3 el consumo, pero seguro fue de por lo menos el 30%.<\/strong><\/p>\n\n\n\n<p>Y de inmediato a\u00f1adi\u00f3 que &#8220;la carne es un elemento perecedero y hay que bajar los precios hasta que esto se acomode. Nosotros estamos en cerca de un 15% menos.<strong>&nbsp;Hoy la carne blanda de primera est\u00e1 a $2.590 el kilo y el asado a $2.900&#8243;.&nbsp;<\/strong>Antes de esto hubo cortes a $4.000 el kilo.<\/p>\n\n\n\n<p><strong>&#8220;Es esperable que tambi\u00e9n desciendan los precios de la carne de pollo y de cerdo. Siempre la carne vacuna hace punta. Todo el consumo se vio afectado&#8221;<\/strong><\/p>\n\n\n\n<h2 class=\"wp-block-heading\">Un panorama no muy claro<\/h2>\n\n\n\n<p>El presidente de la C\u00e1mara de Matarifes y Abastecedores,&nbsp;<strong>Leonardo Rafael<\/strong>, asegur\u00f3 que los precios de la hacienda bajaron el 15% desde la semana pasada, pero dud\u00f3 que esa tendencia se traslade al consumidor.<\/p>\n\n\n\n<p>&#8220;Empezamos a bajar los precios al carnicero, pero los comercios estuvieron casi seis meses sin poder actualizar los costos fijos, luz, paritarias, alquiler.<strong>\u00a0Entonces, no s\u00e9 si el precio a la baja que refleja la hacienda va a retroceder mucho en el mostrador&#8221;,\u00a0<\/strong>evalu\u00f3 el dirigente.<\/p>\n\n\n\n<p><strong>Fuente: www.diariouno.com.ar<\/strong><\/p>\n","protected":false},"excerpt":{"rendered":"<p>La disparada de los precios de la\u00a0carne\u00a0durante agosto, adem\u00e1s de ser la mayor que se registr\u00f3 en por lo menos 18 a\u00f1os, tuvo consecuencias.\u00a0Baj\u00f3 mucho el consumo\u00a0y ahora, en los \u00faltimos d\u00edas, tambi\u00e9n\u00a0retrocedieron los precios en alrededor del 15%. El d\u00eda despu\u00e9s de las PASO presidenciales 2023 -es decir el 14 de agosto- hubo una&nbsp;fuerte [&hellip;]<\/p>\n","protected":false},"author":2,"featured_media":1141,"comment_status":"open","ping_status":"open","sticky":false,"template":"","format":"standard","meta":[],"categories":[49],"tags":[],"_links":{"self":[{"href":"https:\/\/pasaenmendoza.com\/index.php?rest_route=\/wp\/v2\/posts\/1138"}],"collection":[{"href":"https:\/\/pasaenmendoza.com\/index.php?rest_route=\/wp\/v2\/posts"}],"about":[{"href":"https:\/\/pasaenmendoza.com\/index.php?rest_route=\/wp\/v2\/types\/post"}],"author":[{"embeddable":true,"href":"https:\/\/pasaenmendoza.com\/index.php?rest_route=\/wp\/v2\/users\/2"}],"replies":[{"embeddable":true,"href":"https:\/\/pasaenmendoza.com\/index.php?rest_route=%2Fwp%2Fv2%2Fcomments&post=1138"}],"version-history":[{"count":1,"href":"https:\/\/pasaenmendoza.com\/index.php?rest_route=\/wp\/v2\/posts\/1138\/revisions"}],"predecessor-version":[{"id":1142,"href":"https:\/\/pasaenmendoza.com\/index.php?rest_route=\/wp\/v2\/posts\/1138\/revisions\/1142"}],"wp:featuredmedia":[{"embeddable":true,"href":"https:\/\/pasaenmendoza.com\/index.php?rest_route=\/wp\/v2\/media\/1141"}],"wp:attachment":[{"href":"https:\/\/pasaenmendoza.com\/index.php?rest_route=%2Fwp%2Fv2%2Fmedia&parent=1138"}],"wp:term":[{"taxonomy":"category","embeddable":true,"href":"https:\/\/pasaenmendoza.com\/index.php?rest_route=%2Fwp%2Fv2%2Fcategories&post=1138"},{"taxonomy":"post_tag","embeddable":true,"href":"https:\/\/pasaenmendoza.com\/index.php?rest_route=%2Fwp%2Fv2%2Ftags&post=1138"}],"curies":[{"name":"wp","href":"https:\/\/api.w.org\/{rel}","templated":true}]}}