{"id":11401,"date":"2025-02-04T13:42:21","date_gmt":"2025-02-04T12:42:21","guid":{"rendered":"https:\/\/pasaenmendoza.com\/?p=11401"},"modified":"2025-02-04T13:42:22","modified_gmt":"2025-02-04T12:42:22","slug":"el-tiempo-en-mendoza-para-este-martes-el-calor-extremo-da-una-tregua","status":"publish","type":"post","link":"https:\/\/pasaenmendoza.com\/?p=11401","title":{"rendered":"El tiempo en Mendoza para este martes: el calor extremo da una tregua"},"content":{"rendered":"\n<p>La&nbsp;<strong>temperatura m\u00e1xima para este s\u00e1bado ser\u00e1 de 33 grados cent\u00edgrados<\/strong>, mientras que la&nbsp;<strong>m\u00ednima alcanzar\u00e1 los 23 grados cent\u00edgrados<\/strong>.<\/p>\n\n\n\n<p>El pron\u00f3stico de la Direcci\u00f3n de Contingencias Clim\u00e1ticas adelant\u00f3 que estar\u00e1 \u201c<em>parcialmente nublado con descenso de la temperatura, vientos moderados del sudeste<\/em>\u201c.<\/p>\n\n\n\n<p>Para lo que resta de la semana se espera que las temperaturas vayan en aumento. La tendencia informa que habr\u00e1 una ola de calor que se incrementar\u00e1 desde el jueves hacia el domingo.<\/p>\n\n\n\n<p>Durante el fin de semana la m\u00e1xima podr\u00eda llegar a 42 grados.<\/p>\n\n\n\n<p><strong>Fuente: www.elsol.com.ar<\/strong><\/p>\n","protected":false},"excerpt":{"rendered":"<p>La&nbsp;temperatura m\u00e1xima para este s\u00e1bado ser\u00e1 de 33 grados cent\u00edgrados, mientras que la&nbsp;m\u00ednima alcanzar\u00e1 los 23 grados cent\u00edgrados. El pron\u00f3stico de la Direcci\u00f3n de Contingencias Clim\u00e1ticas adelant\u00f3 que estar\u00e1 \u201cparcialmente nublado con descenso de la temperatura, vientos moderados del sudeste\u201c. Para lo que resta de la semana se espera que las temperaturas vayan en aumento. [&hellip;]<\/p>\n","protected":false},"author":2,"featured_media":11402,"comment_status":"open","ping_status":"open","sticky":false,"template":"","format":"standard","meta":[],"categories":[52],"tags":[],"_links":{"self":[{"href":"https:\/\/pasaenmendoza.com\/index.php?rest_route=\/wp\/v2\/posts\/11401"}],"collection":[{"href":"https:\/\/pasaenmendoza.com\/index.php?rest_route=\/wp\/v2\/posts"}],"about":[{"href":"https:\/\/pasaenmendoza.com\/index.php?rest_route=\/wp\/v2\/types\/post"}],"author":[{"embeddable":true,"href":"https:\/\/pasaenmendoza.com\/index.php?rest_route=\/wp\/v2\/users\/2"}],"replies":[{"embeddable":true,"href":"https:\/\/pasaenmendoza.com\/index.php?rest_route=%2Fwp%2Fv2%2Fcomments&post=11401"}],"version-history":[{"count":1,"href":"https:\/\/pasaenmendoza.com\/index.php?rest_route=\/wp\/v2\/posts\/11401\/revisions"}],"predecessor-version":[{"id":11403,"href":"https:\/\/pasaenmendoza.com\/index.php?rest_route=\/wp\/v2\/posts\/11401\/revisions\/11403"}],"wp:featuredmedia":[{"embeddable":true,"href":"https:\/\/pasaenmendoza.com\/index.php?rest_route=\/wp\/v2\/media\/11402"}],"wp:attachment":[{"href":"https:\/\/pasaenmendoza.com\/index.php?rest_route=%2Fwp%2Fv2%2Fmedia&parent=11401"}],"wp:term":[{"taxonomy":"category","embeddable":true,"href":"https:\/\/pasaenmendoza.com\/index.php?rest_route=%2Fwp%2Fv2%2Fcategories&post=11401"},{"taxonomy":"post_tag","embeddable":true,"href":"https:\/\/pasaenmendoza.com\/index.php?rest_route=%2Fwp%2Fv2%2Ftags&post=11401"}],"curies":[{"name":"wp","href":"https:\/\/api.w.org\/{rel}","templated":true}]}}