{"id":11404,"date":"2025-02-04T13:50:34","date_gmt":"2025-02-04T12:50:34","guid":{"rendered":"https:\/\/pasaenmendoza.com\/?p=11404"},"modified":"2025-02-04T13:50:35","modified_gmt":"2025-02-04T12:50:35","slug":"un-policia-imputado-por-violencia-de-genero-fue-desafectado-de-la-fuerza","status":"publish","type":"post","link":"https:\/\/pasaenmendoza.com\/?p=11404","title":{"rendered":"Un polic\u00eda imputado por violencia de g\u00e9nero fue desafectado de la fuerza"},"content":{"rendered":"\n<p><strong>El Gobierno de Mendoza decidi\u00f3 desafectar de la Polic\u00eda provincial a un agente<\/strong>&nbsp;que estaba en per\u00edodo de prueba, ya que el efectivo est\u00e1 imputado por varios delitos en contexto de<strong>&nbsp;violencia de g\u00e9nero<\/strong>&nbsp;contra una pareja.&nbsp;<\/p>\n\n\n\n<p>Se trata de Elio Emmanuel Quiroga Casalegno, quien hab\u00eda sido designado como auxiliar en octubre de 2024 y, tras un breve proceso administrativo, fue separado formalmente del cargo este martes, mediante un decreto con la firma del gobernador\u00a0Alfredo Cornejo\u00a0y de la ministra de Seguridad y Justicia,\u00a0Mercedes Rus.<\/p>\n\n\n\n<p>Seg\u00fan la legislaci\u00f3n vigente en Mendoza, que el decreto cita para justificar el despido,\u00a0<strong>quienes ingresan a la Polic\u00eda en determinados escalafones lo hacen de manera interina por 12 meses<\/strong>, durante los cuales su desempe\u00f1o es evaluado. Para ser confirmados en el cargo, deben demostrar idoneidad, adaptaci\u00f3n y un comportamiento acorde a la funci\u00f3n. Si durante este per\u00edodo surge alguna circunstancia grave, la persona puede ser desafectada sin necesidad de esperar el plazo completo.<\/p>\n\n\n\n<p>El texto oficial detalla que Quiroga Casalegno enfrenta una causa judicial en la Unidad Fiscal de Violencia de G\u00e9nero de la Tercera Circunscripci\u00f3n Judicial de Mendoza. Est\u00e1 acusado de\u00a0<strong>violaci\u00f3n de domicilio, amenazas coactivas agravadas por el uso de arma<\/strong>\u00a0y l<strong>esiones leves calificadas por la relaci\u00f3n de pareja y en contexto de violencia de g\u00e9nero.<\/strong><\/p>\n\n\n\n<p>Tras la denuncia hacia el polic\u00eda, el equipo t\u00e9cnico encargado de evaluar su continuidad en la fuerza concluy\u00f3 que su accionar fue &#8220;equ\u00edvoco y err\u00f3neo&#8221;, que &#8220;transgredi\u00f3 el Estado Policial&#8221; y que &#8220;afect\u00f3 el prestigio de la Polic\u00eda de Mendoza&#8221;.\u00a0<\/p>\n\n\n\n<p>En base a esos motivos, recomendaron su desafectaci\u00f3n y la no confirmaci\u00f3n en el cargo. Finalmente, este martes sali\u00f3 el decreto de desafectaci\u00f3n, que establece que el exefectivo tiene un plazo de 15 d\u00edas h\u00e1biles para presentar un recurso si desea impugnar la decisi\u00f3n.<\/p>\n\n\n\n<p><strong>Fuente: www.mendozapost.com<\/strong><\/p>\n","protected":false},"excerpt":{"rendered":"<p>El Gobierno de Mendoza decidi\u00f3 desafectar de la Polic\u00eda provincial a un agente&nbsp;que estaba en per\u00edodo de prueba, ya que el efectivo est\u00e1 imputado por varios delitos en contexto de&nbsp;violencia de g\u00e9nero&nbsp;contra una pareja.&nbsp; Se trata de Elio Emmanuel Quiroga Casalegno, quien hab\u00eda sido designado como auxiliar en octubre de 2024 y, tras un breve [&hellip;]<\/p>\n","protected":false},"author":2,"featured_media":11405,"comment_status":"open","ping_status":"open","sticky":false,"template":"","format":"standard","meta":[],"categories":[48],"tags":[],"_links":{"self":[{"href":"https:\/\/pasaenmendoza.com\/index.php?rest_route=\/wp\/v2\/posts\/11404"}],"collection":[{"href":"https:\/\/pasaenmendoza.com\/index.php?rest_route=\/wp\/v2\/posts"}],"about":[{"href":"https:\/\/pasaenmendoza.com\/index.php?rest_route=\/wp\/v2\/types\/post"}],"author":[{"embeddable":true,"href":"https:\/\/pasaenmendoza.com\/index.php?rest_route=\/wp\/v2\/users\/2"}],"replies":[{"embeddable":true,"href":"https:\/\/pasaenmendoza.com\/index.php?rest_route=%2Fwp%2Fv2%2Fcomments&post=11404"}],"version-history":[{"count":1,"href":"https:\/\/pasaenmendoza.com\/index.php?rest_route=\/wp\/v2\/posts\/11404\/revisions"}],"predecessor-version":[{"id":11406,"href":"https:\/\/pasaenmendoza.com\/index.php?rest_route=\/wp\/v2\/posts\/11404\/revisions\/11406"}],"wp:featuredmedia":[{"embeddable":true,"href":"https:\/\/pasaenmendoza.com\/index.php?rest_route=\/wp\/v2\/media\/11405"}],"wp:attachment":[{"href":"https:\/\/pasaenmendoza.com\/index.php?rest_route=%2Fwp%2Fv2%2Fmedia&parent=11404"}],"wp:term":[{"taxonomy":"category","embeddable":true,"href":"https:\/\/pasaenmendoza.com\/index.php?rest_route=%2Fwp%2Fv2%2Fcategories&post=11404"},{"taxonomy":"post_tag","embeddable":true,"href":"https:\/\/pasaenmendoza.com\/index.php?rest_route=%2Fwp%2Fv2%2Ftags&post=11404"}],"curies":[{"name":"wp","href":"https:\/\/api.w.org\/{rel}","templated":true}]}}