{"id":11407,"date":"2025-02-04T14:19:50","date_gmt":"2025-02-04T13:19:50","guid":{"rendered":"https:\/\/pasaenmendoza.com\/?p=11407"},"modified":"2025-02-04T14:19:51","modified_gmt":"2025-02-04T13:19:51","slug":"quien-es-el-operador-de-karina-milei-que-recibio-cornejo-en-mendoza","status":"publish","type":"post","link":"https:\/\/pasaenmendoza.com\/?p=11407","title":{"rendered":"Qui\u00e9n es el operador de Karina Milei que recibi\u00f3 Cornejo en Mendoza"},"content":{"rendered":"\n<p>Este lunes,\u00a0<strong>Diego Sucalesca<\/strong>\u00a0fue recibido por\u00a0<strong>Alfredo Cornejo<\/strong>\u00a0en Mendoza, adonde no lleg\u00f3 por su rol de\u00a0<strong>actor<\/strong>\u00a0ni\u00a0<strong>periodista<\/strong>, sino como presidente ejecutivo de la\u00a0<strong>Agencia Argentina de Inversiones y Comercio Internacional (AAICI)<\/strong>.<\/p>\n\n\n\n<p>&#8220;Conversamos sobre los productos mendocinos (principalmente el vino y el cobre) y adem\u00e1s sobre la agenda para el a\u00f1o 2025, enfocada en ferias internacionales que promuevan las exportaciones y las inversiones en Argentina y al mismo tiempo acompa\u00f1en a las PyMEs en su expansi\u00f3n global&#8221;, poste\u00f3 Cornejo en sus redes sociales.<\/p>\n\n\n\n<p>Pero m\u00e1s all\u00e1 del cargo formal que ocupa a nivel nacional,\u00a0<strong>Sucalesca es un personaje clave en el armado de La Libertad Avanza<\/strong>\u00a0a nivel nacional, siendo uno de los principales\u00a0<strong>operadores<\/strong>\u00a0de la secretaria general de la Presidencia,\u00a0<strong>Karina Milei<\/strong>.<\/p>\n\n\n\n<p><strong>Sucalesca<\/strong>, en su rol de actor y humorista,\u00a0<strong>comparti\u00f3 escenario<\/strong>\u00a0no s\u00f3lo con\u00a0<strong>Karina Milei<\/strong>, sino con el presidente\u00a0<strong>Javier Milei<\/strong>: los tres, junto a Claudio Rico, eran los actores de la obra &#8220;<strong>El Consultorio de Milei<\/strong>&#8220;, protagonizada en 2018.<\/p>\n\n\n\n<p>El titular de la\u00a0Agencia Argentina de Inversiones y Comercio Internacional asumi\u00f3 a mediados de 2024 en el cargo, bajo la estructura de Karina Milei. Hasta entonces,\u00a0estaba al frente de un programa en el Canal de la Ciudad de Buenos Aires.<\/p>\n\n\n\n<p><strong>Fuente: www.mendozapost.com<\/strong><\/p>\n","protected":false},"excerpt":{"rendered":"<p>Este lunes,\u00a0Diego Sucalesca\u00a0fue recibido por\u00a0Alfredo Cornejo\u00a0en Mendoza, adonde no lleg\u00f3 por su rol de\u00a0actor\u00a0ni\u00a0periodista, sino como presidente ejecutivo de la\u00a0Agencia Argentina de Inversiones y Comercio Internacional (AAICI). &#8220;Conversamos sobre los productos mendocinos (principalmente el vino y el cobre) y adem\u00e1s sobre la agenda para el a\u00f1o 2025, enfocada en ferias internacionales que promuevan las exportaciones [&hellip;]<\/p>\n","protected":false},"author":2,"featured_media":11408,"comment_status":"open","ping_status":"open","sticky":false,"template":"","format":"standard","meta":[],"categories":[47],"tags":[],"_links":{"self":[{"href":"https:\/\/pasaenmendoza.com\/index.php?rest_route=\/wp\/v2\/posts\/11407"}],"collection":[{"href":"https:\/\/pasaenmendoza.com\/index.php?rest_route=\/wp\/v2\/posts"}],"about":[{"href":"https:\/\/pasaenmendoza.com\/index.php?rest_route=\/wp\/v2\/types\/post"}],"author":[{"embeddable":true,"href":"https:\/\/pasaenmendoza.com\/index.php?rest_route=\/wp\/v2\/users\/2"}],"replies":[{"embeddable":true,"href":"https:\/\/pasaenmendoza.com\/index.php?rest_route=%2Fwp%2Fv2%2Fcomments&post=11407"}],"version-history":[{"count":1,"href":"https:\/\/pasaenmendoza.com\/index.php?rest_route=\/wp\/v2\/posts\/11407\/revisions"}],"predecessor-version":[{"id":11409,"href":"https:\/\/pasaenmendoza.com\/index.php?rest_route=\/wp\/v2\/posts\/11407\/revisions\/11409"}],"wp:featuredmedia":[{"embeddable":true,"href":"https:\/\/pasaenmendoza.com\/index.php?rest_route=\/wp\/v2\/media\/11408"}],"wp:attachment":[{"href":"https:\/\/pasaenmendoza.com\/index.php?rest_route=%2Fwp%2Fv2%2Fmedia&parent=11407"}],"wp:term":[{"taxonomy":"category","embeddable":true,"href":"https:\/\/pasaenmendoza.com\/index.php?rest_route=%2Fwp%2Fv2%2Fcategories&post=11407"},{"taxonomy":"post_tag","embeddable":true,"href":"https:\/\/pasaenmendoza.com\/index.php?rest_route=%2Fwp%2Fv2%2Ftags&post=11407"}],"curies":[{"name":"wp","href":"https:\/\/api.w.org\/{rel}","templated":true}]}}