{"id":11410,"date":"2025-02-04T14:27:33","date_gmt":"2025-02-04T13:27:33","guid":{"rendered":"https:\/\/pasaenmendoza.com\/?p=11410"},"modified":"2025-02-04T14:27:34","modified_gmt":"2025-02-04T13:27:34","slug":"cuales-son-los-dos-planes-que-ejecutara-el-ipv-para-entregar-2-000-casas-este-ano","status":"publish","type":"post","link":"https:\/\/pasaenmendoza.com\/?p=11410","title":{"rendered":"Cu\u00e1les son los dos planes que ejecutar\u00e1 el IPV para entregar 2.000 casas este a\u00f1o"},"content":{"rendered":"\n<p>El gobernador&nbsp;<strong>Alfredo Cornejo<\/strong>&nbsp;anunci\u00f3 este lunes los planes a efectuarse en este 2025 para otorgar miles de viviendas a trav\u00e9s del Instituto Provincial de la Vivienda (IPV).&nbsp;<strong>En total se espera entregar aproximadamente 2.000 casas.<\/strong><\/p>\n\n\n\n<p>Para lograr este objetivo, el presupuesto que tendr\u00e1n a disposici\u00f3n&nbsp;<strong>para este a\u00f1o ser\u00e1 de 93.000 millones de pesos<\/strong>, monto que conlleva la mitad de los gastos previstos por la Secretar\u00eda de Infraestructura.<\/p>\n\n\n\n<p>Adem\u00e1s, actualmente el instituto provincial ya cuenta con\u00a0<strong>15.672 cr\u00e9ditos activos<\/strong>, de los cuales el\u00a0<strong>38% presenta atrasos en sus pagos.<\/strong>\u00a0Desde el IPV ya anunciaron que planean bajar la morosidad a un rango entre el 10% y el 15%.<\/p>\n\n\n\n<p>Con un total de&nbsp;<strong>685 casas<\/strong>&nbsp;otorgadas, el&nbsp;<strong>2024&nbsp;<\/strong>cerr\u00f3 con una de las cifras m\u00e1s bajas en la entrega de viviendas desde 2015, a\u00f1o en el que Cambia Mendoza lleg\u00f3 a al Gobierno mendocino.<\/p>\n\n\n\n<h2 class=\"wp-block-heading\" id=\"h-los-planes-del-ipv\">Los planes del IPV<\/h2>\n\n\n\n<p>Primero, el mandatario mendocino inform\u00f3 acerca de la construcci\u00f3n de<strong>\u00a0844 viviendas sociales<\/strong>, por las que la\u00a0Provincia ya anunci\u00f3 licitaciones cada domingo.<\/p>\n\n\n\n<p>El titular del IPV,\u00a0<strong>Gustavo Cantero<\/strong>, explic\u00f3 a<em><strong>\u00a0El Sol<\/strong><\/em>\u00a0que el tr\u00e1mite de estas casas va a pasar por los municipios en donde efect\u00faen las construcciones. En este sentido,<strong>\u00a0las comunas ser\u00e1n las encargadas de seleccionar a los beneficiarios.<\/strong><\/p>\n\n\n\n<p>Estas son personas que deben ganar menos de tres salarios m\u00ednimos, vital y m\u00f3vil. En febrero de 2025, el&nbsp;<strong>Consejo Nacional del Empleo, la Productividad y el Salario M\u00ednimo<\/strong>, ubic\u00f3 este ingreso en&nbsp;<strong>$292.446<\/strong>, por lo que el monto m\u00e1ximo de ingresos es de&nbsp;<strong>$877.338<\/strong>.<\/p>\n\n\n\n<p>Las licitaciones para este tipo de viviendas ya comenzaron el pasado domingo 2 de febrero, donde el Instituto provincial convoc\u00f3 a concurso para la construcci\u00f3n de&nbsp;<strong>38 viviendas para el departamento de General Alvear<\/strong>. Seg\u00fan lo anunciado, las ofertas de dichas obras se abrir\u00e1n el 25 de febrero.<\/p>\n\n\n\n<p>Por otro lado, el segundo programa a trabajar desde las oficinas del IPV ser\u00e1 el conocido como \u201c<em><strong>Plan Mi Casa\u201d<\/strong><\/em>, que fue instaurado por el exgobernador\u00a0<strong>Rodolfo Su\u00e1rez\u00a0<\/strong>en septiembre de 2023.<\/p>\n\n\n\n<p>En ese momento, el actual senador nacional apunt\u00f3 contra el Gobierno de<strong>&nbsp;Alberto Fern\u00e1ndez<\/strong>&nbsp;por&nbsp;<em>\u201cabandonar la construcci\u00f3n de soluciones habitacionales en la provincia\u201d.<\/em><\/p>\n\n\n\n<p>En su \u00faltima presencia p\u00fablica, Cornejo describi\u00f3 que dicho plan est\u00e1 enfocado a&nbsp;<em>\u201cgente trabajadora&nbsp;<\/em><strong><em>con un salario en un umbral relativamente alto para el promedio salarial<\/em>\u201c<\/strong>. Concretamente, los sorteados deber\u00e1n contar con ingresos superiores a los 3 salarios m\u00ednimos, vital y m\u00f3vil, pero por debajo de los 8, es decir, ganar menos de&nbsp;<strong>$2.339.568<\/strong>.<\/p>\n\n\n\n<p>Para acceder a estas viviendas, los interesados seleccionados por sorteo deben hacer una integraci\u00f3n de dinero por el valor de la vivienda, correspondiente a 25 salarios m\u00ednimos, vital y m\u00f3vil, que se traduce a un monto de\u00a0<strong>$7.311.150.<\/strong><\/p>\n\n\n\n<p>En total, el Gobierno estima que hasta el mes de agosto de este 2025 entregar\u00e1n alrededor de\u00a0<strong>2.000 viviendas<\/strong>, lo que supondr\u00eda una constante mejora a las \u00faltimas m\u00e9tricas del Gobierno mendocino en este apartado.<\/p>\n\n\n\n<p><strong>Fuente: www.elsol.com.ar<\/strong><\/p>\n","protected":false},"excerpt":{"rendered":"<p>El gobernador&nbsp;Alfredo Cornejo&nbsp;anunci\u00f3 este lunes los planes a efectuarse en este 2025 para otorgar miles de viviendas a trav\u00e9s del Instituto Provincial de la Vivienda (IPV).&nbsp;En total se espera entregar aproximadamente 2.000 casas. Para lograr este objetivo, el presupuesto que tendr\u00e1n a disposici\u00f3n&nbsp;para este a\u00f1o ser\u00e1 de 93.000 millones de pesos, monto que conlleva la [&hellip;]<\/p>\n","protected":false},"author":2,"featured_media":11411,"comment_status":"open","ping_status":"open","sticky":false,"template":"","format":"standard","meta":[],"categories":[65],"tags":[],"_links":{"self":[{"href":"https:\/\/pasaenmendoza.com\/index.php?rest_route=\/wp\/v2\/posts\/11410"}],"collection":[{"href":"https:\/\/pasaenmendoza.com\/index.php?rest_route=\/wp\/v2\/posts"}],"about":[{"href":"https:\/\/pasaenmendoza.com\/index.php?rest_route=\/wp\/v2\/types\/post"}],"author":[{"embeddable":true,"href":"https:\/\/pasaenmendoza.com\/index.php?rest_route=\/wp\/v2\/users\/2"}],"replies":[{"embeddable":true,"href":"https:\/\/pasaenmendoza.com\/index.php?rest_route=%2Fwp%2Fv2%2Fcomments&post=11410"}],"version-history":[{"count":1,"href":"https:\/\/pasaenmendoza.com\/index.php?rest_route=\/wp\/v2\/posts\/11410\/revisions"}],"predecessor-version":[{"id":11412,"href":"https:\/\/pasaenmendoza.com\/index.php?rest_route=\/wp\/v2\/posts\/11410\/revisions\/11412"}],"wp:featuredmedia":[{"embeddable":true,"href":"https:\/\/pasaenmendoza.com\/index.php?rest_route=\/wp\/v2\/media\/11411"}],"wp:attachment":[{"href":"https:\/\/pasaenmendoza.com\/index.php?rest_route=%2Fwp%2Fv2%2Fmedia&parent=11410"}],"wp:term":[{"taxonomy":"category","embeddable":true,"href":"https:\/\/pasaenmendoza.com\/index.php?rest_route=%2Fwp%2Fv2%2Fcategories&post=11410"},{"taxonomy":"post_tag","embeddable":true,"href":"https:\/\/pasaenmendoza.com\/index.php?rest_route=%2Fwp%2Fv2%2Ftags&post=11410"}],"curies":[{"name":"wp","href":"https:\/\/api.w.org\/{rel}","templated":true}]}}