{"id":11416,"date":"2025-02-04T20:49:44","date_gmt":"2025-02-04T19:49:44","guid":{"rendered":"https:\/\/pasaenmendoza.com\/?p=11416"},"modified":"2025-02-04T20:49:45","modified_gmt":"2025-02-04T19:49:45","slug":"ya-instalaron-mas-de-1-000-maquinas-para-pagar-con-debito-y-credito-en-los-micros-de-mendoza","status":"publish","type":"post","link":"https:\/\/pasaenmendoza.com\/?p=11416","title":{"rendered":"Ya instalaron m\u00e1s de 1.000 m\u00e1quinas para pagar con d\u00e9bito y cr\u00e9dito en los micros de Mendoza"},"content":{"rendered":"\n<p>\u201cDesde la tercera semana de febrero y en forma paulatina en todas las l\u00edneas, se podr\u00e1 viajar en\u00a0<strong>micro\u00a0<\/strong>con todos los medios de pago emitidos por\u00a0<strong>Banco Naci\u00f3n<\/strong>\u00a0y el resto de los bancos\u201d, anunci\u00f3 el presidente del BNA, Daniel Tillard.<\/p>\n\n\n\n<p>Para ello, cont\u00f3 el ministro de Gobierno de Mendoza,\u00a0<strong>Natalio Mema<\/strong>, ya se instalaron 1.200 de las 1.450 m\u00e1quinas que habr\u00e1 en todos los\u00a0<strong>colectivos\u00a0<\/strong>del Gran Mendoza y San Rafael.<\/p>\n\n\n\n<h2 class=\"wp-block-heading\">El pago del boleto de micro en Mendoza: con SUBE, d\u00e9bito y cr\u00e9dito<\/h2>\n\n\n\n<p>A trav\u00e9s de Naci\u00f3n Servicios se desarroll\u00f3 el nuevo sistema de pago que tiene por objeto que los usuarios de&nbsp;<strong>micros<\/strong>&nbsp;en Mendoza puedan pagar su boleto con todos los medios de pago emitidos por el Banco Naci\u00f3n y el resto de los bancos que operan en Mendoza (<strong>tarjetas de d\u00e9bito y cr\u00e9dito<\/strong>).<\/p>\n\n\n\n<p>\u201cEn cada&nbsp;<strong>micro&nbsp;<\/strong>habr\u00e1 una sola m\u00e1quina. De las 1.450 totales, quedan solo 250 por cambiar\u201d, cont\u00f3 Mema.<\/p>\n\n\n\n<p>La prueba piloto que se llev\u00f3 a cabo en el\u00a0<strong>Metrotranv\u00eda<\/strong>\u00a0result\u00f3 positiva y es por ello que se trasladar\u00e1 al resto del sistema de\u00a0<strong>transporte p\u00fablico<\/strong>, asegur\u00f3 el ministro: \u201cYa se realizan entre 15.000 y 20.000 transacciones diarias con otros medios de pago que no son la SUBE\u201d.<\/p>\n\n\n\n<p><strong>Fuente: www.diariouno.com.ar<\/strong><\/p>\n","protected":false},"excerpt":{"rendered":"<p>\u201cDesde la tercera semana de febrero y en forma paulatina en todas las l\u00edneas, se podr\u00e1 viajar en\u00a0micro\u00a0con todos los medios de pago emitidos por\u00a0Banco Naci\u00f3n\u00a0y el resto de los bancos\u201d, anunci\u00f3 el presidente del BNA, Daniel Tillard. Para ello, cont\u00f3 el ministro de Gobierno de Mendoza,\u00a0Natalio Mema, ya se instalaron 1.200 de las 1.450 [&hellip;]<\/p>\n","protected":false},"author":2,"featured_media":11417,"comment_status":"open","ping_status":"open","sticky":false,"template":"","format":"standard","meta":[],"categories":[80],"tags":[],"_links":{"self":[{"href":"https:\/\/pasaenmendoza.com\/index.php?rest_route=\/wp\/v2\/posts\/11416"}],"collection":[{"href":"https:\/\/pasaenmendoza.com\/index.php?rest_route=\/wp\/v2\/posts"}],"about":[{"href":"https:\/\/pasaenmendoza.com\/index.php?rest_route=\/wp\/v2\/types\/post"}],"author":[{"embeddable":true,"href":"https:\/\/pasaenmendoza.com\/index.php?rest_route=\/wp\/v2\/users\/2"}],"replies":[{"embeddable":true,"href":"https:\/\/pasaenmendoza.com\/index.php?rest_route=%2Fwp%2Fv2%2Fcomments&post=11416"}],"version-history":[{"count":1,"href":"https:\/\/pasaenmendoza.com\/index.php?rest_route=\/wp\/v2\/posts\/11416\/revisions"}],"predecessor-version":[{"id":11418,"href":"https:\/\/pasaenmendoza.com\/index.php?rest_route=\/wp\/v2\/posts\/11416\/revisions\/11418"}],"wp:featuredmedia":[{"embeddable":true,"href":"https:\/\/pasaenmendoza.com\/index.php?rest_route=\/wp\/v2\/media\/11417"}],"wp:attachment":[{"href":"https:\/\/pasaenmendoza.com\/index.php?rest_route=%2Fwp%2Fv2%2Fmedia&parent=11416"}],"wp:term":[{"taxonomy":"category","embeddable":true,"href":"https:\/\/pasaenmendoza.com\/index.php?rest_route=%2Fwp%2Fv2%2Fcategories&post=11416"},{"taxonomy":"post_tag","embeddable":true,"href":"https:\/\/pasaenmendoza.com\/index.php?rest_route=%2Fwp%2Fv2%2Ftags&post=11416"}],"curies":[{"name":"wp","href":"https:\/\/api.w.org\/{rel}","templated":true}]}}