{"id":11423,"date":"2025-02-04T20:59:50","date_gmt":"2025-02-04T19:59:50","guid":{"rendered":"https:\/\/pasaenmendoza.com\/?p=11423"},"modified":"2025-02-04T20:59:53","modified_gmt":"2025-02-04T19:59:53","slug":"el-titular-del-banco-nacion-anuncio-creditos-baratos-para-productores-y-exportadores-mendocinos","status":"publish","type":"post","link":"https:\/\/pasaenmendoza.com\/?p=11423","title":{"rendered":"El titular del Banco Naci\u00f3n anunci\u00f3 cr\u00e9ditos baratos para productores y exportadores mendocinos"},"content":{"rendered":"\n<p>Las m\u00e1ximas autoridades del\u00a0<strong>Banco Naci\u00f3n<\/strong>\u00a0se reunieron con el gobernador de Mendoza, Alfredo Cornejo, y anunciaron\u00a0<strong>cr\u00e9ditos\u00a0<\/strong>\u201cventajosos\u201d especialmente dedicados a mendocinos. Las nuevas l\u00edneas est\u00e1n dedicadas a cosecha y acarreo y a exportaciones.<\/p>\n\n\n\n<p>Daniel Tillard, presidente del&nbsp;<strong>Banco Naci\u00f3n<\/strong>, valor\u00f3 la relaci\u00f3n forjada con Mendoza, de la cual adem\u00e1s es agente financiero, e inform\u00f3 que durante el 2024 el BNA desembols\u00f3&nbsp;<strong>pr\u00e9stamos&nbsp;<\/strong>por una cifra equivalente a 700 millones de d\u00f3lares para familias y empresas mendocinas.<\/p>\n\n\n\n<p>Cornejo, en tanto, destac\u00f3 que, \u201cgracias al cambio econ\u00f3mico que estimo positivo, los bancos est\u00e1n actuando de bancos y en Mendoza han aumentado los\u00a0<strong>cr\u00e9ditos<\/strong>\u201d.<\/p>\n\n\n\n<p>El gobernador de Mendoza record\u00f3 que, en ese sentido, est\u00e1n vigentes acuerdos con el BNA por\u00a0<strong>cr\u00e9ditos a tasa subsidiada para agricultura, proyectos energ\u00e9ticos,\u00a0comercio, industria y turismo<\/strong>. Estos \u00faltimos fueron anunciados la semana pasada.<\/p>\n\n\n\n<h2 class=\"wp-block-heading\">Nuevas l\u00edneas de cr\u00e9dito del Banco Naci\u00f3n para los mendocinos<\/h2>\n\n\n\n<p>Del encuentro previo a la conferencia de prensa en la que se formaliz\u00f3 el anuncio, participaron, adem\u00e1s de&nbsp;<strong>Tillard y Cornejo<\/strong>, el vicepresidente del Banco Naci\u00f3n,&nbsp;<strong>Dar\u00edo Wasserman<\/strong>; el gerente general,&nbsp;<strong>Gast\u00f3n \u00c1lvarez<\/strong>; el gerente general de Naci\u00f3n Servicios,&nbsp;<strong>Hern\u00e1n Portillo<\/strong>; el gerente zonal de Mendoza Este,&nbsp;<strong>Gustavo Irusta<\/strong>; y los ministros mendocinos&nbsp;<strong>Natalio Mema, V\u00edctor Fayad y Rodolfo Vargas Arizu<\/strong>.<\/p>\n\n\n\n<p>\u201cLos ministros nos ped\u00edan que defini\u00e9ramos l\u00edneas de&nbsp;<strong>cr\u00e9dito para cosecha y acarreo<\/strong>\u201d, reconoci\u00f3 Tillard ante la prensa.<\/p>\n\n\n\n<p>Finalmente, el pr\u00e9stamo ofrecido es una l\u00ednea con&nbsp;<strong>sistema \u201cbullet\u201d&nbsp;<\/strong>a una tasa anual del 23%. Este sistema implica que \u201cel pago de capital y los intereses se da \u00edntegramente al final\u201d; es decir, a los 300 d\u00edas de plazo.<\/p>\n\n\n\n<p>La otra l\u00ednea anunciada tiene que ver con la prefinanciaci\u00f3n de exportaciones. \u201cNos hemos adaptado a las necesidades de\u00a0<strong>pymes exportadoras<\/strong>\u00a0con un\u00a0<strong>cr\u00e9dito\u00a0<\/strong>que va desde el 2,25% anual\u201d, expres\u00f3 Tillard.<\/p>\n\n\n\n<p>Esta l\u00ednea tambi\u00e9n es de pago \u00edntegro al final y, seg\u00fan grafic\u00f3 el presidente del&nbsp;<strong>Banco Naci\u00f3n<\/strong>, \u201ces la l\u00ednea en d\u00f3lares m\u00e1s barata del mundo\u201d.<\/p>\n\n\n\n<p>Otra de las caracter\u00edsticas de estas l\u00edneas destacadas por las autoridades del\u00a0<strong>BNA\u00a0<\/strong>es que el tr\u00e1mite se podr\u00e1 realizar de manera digital hasta el momento de la firma. \u201cLa vitivinicultura es la primera econom\u00eda regional del pa\u00eds en contar con esta innovaci\u00f3n\u201d, aport\u00f3 Tillard.<\/p>\n\n\n\n<p><strong>Fuente: www.diariouno.com.ar<\/strong><\/p>\n","protected":false},"excerpt":{"rendered":"<p>Las m\u00e1ximas autoridades del\u00a0Banco Naci\u00f3n\u00a0se reunieron con el gobernador de Mendoza, Alfredo Cornejo, y anunciaron\u00a0cr\u00e9ditos\u00a0\u201cventajosos\u201d especialmente dedicados a mendocinos. Las nuevas l\u00edneas est\u00e1n dedicadas a cosecha y acarreo y a exportaciones. Daniel Tillard, presidente del&nbsp;Banco Naci\u00f3n, valor\u00f3 la relaci\u00f3n forjada con Mendoza, de la cual adem\u00e1s es agente financiero, e inform\u00f3 que durante el 2024 [&hellip;]<\/p>\n","protected":false},"author":2,"featured_media":11424,"comment_status":"open","ping_status":"open","sticky":false,"template":"","format":"standard","meta":[],"categories":[115],"tags":[],"_links":{"self":[{"href":"https:\/\/pasaenmendoza.com\/index.php?rest_route=\/wp\/v2\/posts\/11423"}],"collection":[{"href":"https:\/\/pasaenmendoza.com\/index.php?rest_route=\/wp\/v2\/posts"}],"about":[{"href":"https:\/\/pasaenmendoza.com\/index.php?rest_route=\/wp\/v2\/types\/post"}],"author":[{"embeddable":true,"href":"https:\/\/pasaenmendoza.com\/index.php?rest_route=\/wp\/v2\/users\/2"}],"replies":[{"embeddable":true,"href":"https:\/\/pasaenmendoza.com\/index.php?rest_route=%2Fwp%2Fv2%2Fcomments&post=11423"}],"version-history":[{"count":1,"href":"https:\/\/pasaenmendoza.com\/index.php?rest_route=\/wp\/v2\/posts\/11423\/revisions"}],"predecessor-version":[{"id":11425,"href":"https:\/\/pasaenmendoza.com\/index.php?rest_route=\/wp\/v2\/posts\/11423\/revisions\/11425"}],"wp:featuredmedia":[{"embeddable":true,"href":"https:\/\/pasaenmendoza.com\/index.php?rest_route=\/wp\/v2\/media\/11424"}],"wp:attachment":[{"href":"https:\/\/pasaenmendoza.com\/index.php?rest_route=%2Fwp%2Fv2%2Fmedia&parent=11423"}],"wp:term":[{"taxonomy":"category","embeddable":true,"href":"https:\/\/pasaenmendoza.com\/index.php?rest_route=%2Fwp%2Fv2%2Fcategories&post=11423"},{"taxonomy":"post_tag","embeddable":true,"href":"https:\/\/pasaenmendoza.com\/index.php?rest_route=%2Fwp%2Fv2%2Ftags&post=11423"}],"curies":[{"name":"wp","href":"https:\/\/api.w.org\/{rel}","templated":true}]}}