{"id":11429,"date":"2025-02-05T15:10:23","date_gmt":"2025-02-05T14:10:23","guid":{"rendered":"https:\/\/pasaenmendoza.com\/?p=11429"},"modified":"2025-02-05T15:10:24","modified_gmt":"2025-02-05T14:10:24","slug":"buscan-a-una-mujer-que-esta-desaparecida-en-mendoza-luego-de-salir-hacia-su-trabajo-el-31-de-enero","status":"publish","type":"post","link":"https:\/\/pasaenmendoza.com\/?p=11429","title":{"rendered":"Buscan a una mujer que est\u00e1 desaparecida en Mendoza luego de salir hacia su trabajo el 31 de enero"},"content":{"rendered":"\n<p>Una\u00a0<strong>mujer\u00a0<\/strong>es\u00a0<strong>buscada\u00a0<\/strong>intensamente en Mendoza. Se trata de Mar\u00eda Alejandra Cuevas Mart\u00ednez, de 48 a\u00f1os, quien fue vista por \u00faltima vez el pasado viernes 31 de enero a la medianoche cuando sal\u00eda de su casa de Las Heras con rumbo a su trabajo en la Ciudad de\u00a0<strong>Mendoza<\/strong>.\u00a0<\/p>\n\n\n\n<p>Seg\u00fan las caracter\u00edsticas aportadas desde el Ministerio P\u00fablico Fiscal &#8220;hay que decir que la misma es de contextura robusta, mide aproximadamente 1,63 y\u00a0usa el cabello negro y largo hasta los hombros&#8221;.<\/p>\n\n\n\n<p>Adem\u00e1s, se especific\u00f3 que la mujer&nbsp;tiene tres tatuajes: uno con el dibujo de una iguana cerca del cuello, otro en la mano izquierda que dice \u201cAmadeo\u201d y uno m\u00e1s debajo de la nuca con la imagen del Gauchito Gil.&nbsp;<\/p>\n\n\n\n<p>En tanto, seg\u00fan indicaron sus familiares, antes de salir de su casa ubicada en Las Heras&nbsp;para dirigirse a su puesto de trabajo en un hogar para adultos mayores ubicado en la Ciudad de&nbsp;<strong>Mendoza<\/strong>.<\/p>\n\n\n\n<p>Respecto de su vestimenta, llevaba una remera negra, un short tipo falda negro y una gorra de color rosa. Tambi\u00e9n, portaba\u00a0una mochila negra, dentro de la cual llevaba un par de ojotas y otros elementos personales.\u00a0En caso de poder aportar informaci\u00f3n sobre Cuevas Mart\u00ednez, es necesario comunicarse de manera urgente al 911.<\/p>\n\n\n\n<p><strong>Fuente: www.mdzol.com.ar<\/strong><\/p>\n","protected":false},"excerpt":{"rendered":"<p>Una\u00a0mujer\u00a0es\u00a0buscada\u00a0intensamente en Mendoza. Se trata de Mar\u00eda Alejandra Cuevas Mart\u00ednez, de 48 a\u00f1os, quien fue vista por \u00faltima vez el pasado viernes 31 de enero a la medianoche cuando sal\u00eda de su casa de Las Heras con rumbo a su trabajo en la Ciudad de\u00a0Mendoza.\u00a0 Seg\u00fan las caracter\u00edsticas aportadas desde el Ministerio P\u00fablico Fiscal &#8220;hay [&hellip;]<\/p>\n","protected":false},"author":2,"featured_media":11430,"comment_status":"open","ping_status":"open","sticky":false,"template":"","format":"standard","meta":[],"categories":[48],"tags":[],"_links":{"self":[{"href":"https:\/\/pasaenmendoza.com\/index.php?rest_route=\/wp\/v2\/posts\/11429"}],"collection":[{"href":"https:\/\/pasaenmendoza.com\/index.php?rest_route=\/wp\/v2\/posts"}],"about":[{"href":"https:\/\/pasaenmendoza.com\/index.php?rest_route=\/wp\/v2\/types\/post"}],"author":[{"embeddable":true,"href":"https:\/\/pasaenmendoza.com\/index.php?rest_route=\/wp\/v2\/users\/2"}],"replies":[{"embeddable":true,"href":"https:\/\/pasaenmendoza.com\/index.php?rest_route=%2Fwp%2Fv2%2Fcomments&post=11429"}],"version-history":[{"count":1,"href":"https:\/\/pasaenmendoza.com\/index.php?rest_route=\/wp\/v2\/posts\/11429\/revisions"}],"predecessor-version":[{"id":11431,"href":"https:\/\/pasaenmendoza.com\/index.php?rest_route=\/wp\/v2\/posts\/11429\/revisions\/11431"}],"wp:featuredmedia":[{"embeddable":true,"href":"https:\/\/pasaenmendoza.com\/index.php?rest_route=\/wp\/v2\/media\/11430"}],"wp:attachment":[{"href":"https:\/\/pasaenmendoza.com\/index.php?rest_route=%2Fwp%2Fv2%2Fmedia&parent=11429"}],"wp:term":[{"taxonomy":"category","embeddable":true,"href":"https:\/\/pasaenmendoza.com\/index.php?rest_route=%2Fwp%2Fv2%2Fcategories&post=11429"},{"taxonomy":"post_tag","embeddable":true,"href":"https:\/\/pasaenmendoza.com\/index.php?rest_route=%2Fwp%2Fv2%2Ftags&post=11429"}],"curies":[{"name":"wp","href":"https:\/\/api.w.org\/{rel}","templated":true}]}}