{"id":11432,"date":"2025-02-05T15:16:41","date_gmt":"2025-02-05T14:16:41","guid":{"rendered":"https:\/\/pasaenmendoza.com\/?p=11432"},"modified":"2025-02-05T15:16:42","modified_gmt":"2025-02-05T14:16:42","slug":"una-joven-fue-atacada-a-cuchillazos-por-la-espalda-en-guaymallen-y-apuntan-contra-una-mujer-y-sus-hijos","status":"publish","type":"post","link":"https:\/\/pasaenmendoza.com\/?p=11432","title":{"rendered":"Una joven fue atacada a cuchillazos por la espalda en Guaymall\u00e9n y apuntan contra una mujer y sus hijos"},"content":{"rendered":"\n<p>Una joven fue atacada a\u00a0<strong>cuchillazos\u00a0<\/strong>en horas de la noche en\u00a0<strong>Guaymall\u00e9n\u00a0<\/strong>y los autores ser\u00edan una mujer y sus dos hijos. La v\u00edctima presenta diez heridas cortantes en la espalda y fue trasladada al\u00a0<strong>Hospital Central<\/strong>.\u00a0<\/p>\n\n\n\n<p>A trav\u00e9s de varios llamados a la l\u00ednea de emergencias cerca de las 22 que alertaban&nbsp;de que en el lugar hab\u00eda una mujer con heridas de arma blanca, agentes policiales se trasladaron hasta calles Puerto Argentino y Cerro Catedral en el&nbsp;barrio Los Pinos de&nbsp;<strong>Guaymall\u00e9n<\/strong>.<\/p>\n\n\n\n<p>Al arribo de los efectivos se constat\u00f3\u00a0que la v\u00edctima presentaba 10 heridas cortantes en la zona posterior del cuerpo. Luego, al comenzar a indagar a los vecinos, estos\u00a0informaron\u00a0que la v\u00edctima era perseguida por otra mujer, quien al llegar al lugar comenz\u00f3\u00a0a atacarla por\u00a0la espalda.<\/p>\n\n\n\n<p>Adem\u00e1s, entre los vecinos se encontraba la expareja de la joven herida,\u00a0quien manifest\u00f3\u00a0que cuando lleg\u00f3\u00a0al lugar, la mujer\u00a0ya se encontraba lesionada y que ella misma dio\u00a0los nombres de los posibles autores.<\/p>\n\n\n\n<p>Ante lo ocurrido lleg\u00f3 una\u00a0ambulancia del Servicio de Emergencias Coordinado (SEC), donde se\u00a0diagnostic\u00f3 con heridas de\u00a0<strong>arma blanca<\/strong>\u00a0en la espalda y\u00a0fue\u00a0trasladada al\u00a0<strong>Hospital Central<\/strong>.\u00a0<\/p>\n\n\n\n<p>En el lugar trabaj\u00f3 la Polic\u00eda Cient\u00edfica y se aguarda por\u00a0que la v\u00edctima radique la denuncia y se labren las actas correspondientes. Interviene en el caso el fiscal Gustavo Pirelo.<\/p>\n\n\n\n<p><strong>Fuente: www.mdzol.com.ar<\/strong><\/p>\n","protected":false},"excerpt":{"rendered":"<p>Una joven fue atacada a\u00a0cuchillazos\u00a0en horas de la noche en\u00a0Guaymall\u00e9n\u00a0y los autores ser\u00edan una mujer y sus dos hijos. La v\u00edctima presenta diez heridas cortantes en la espalda y fue trasladada al\u00a0Hospital Central.\u00a0 A trav\u00e9s de varios llamados a la l\u00ednea de emergencias cerca de las 22 que alertaban&nbsp;de que en el lugar hab\u00eda una [&hellip;]<\/p>\n","protected":false},"author":2,"featured_media":11433,"comment_status":"open","ping_status":"open","sticky":false,"template":"","format":"standard","meta":[],"categories":[48],"tags":[],"_links":{"self":[{"href":"https:\/\/pasaenmendoza.com\/index.php?rest_route=\/wp\/v2\/posts\/11432"}],"collection":[{"href":"https:\/\/pasaenmendoza.com\/index.php?rest_route=\/wp\/v2\/posts"}],"about":[{"href":"https:\/\/pasaenmendoza.com\/index.php?rest_route=\/wp\/v2\/types\/post"}],"author":[{"embeddable":true,"href":"https:\/\/pasaenmendoza.com\/index.php?rest_route=\/wp\/v2\/users\/2"}],"replies":[{"embeddable":true,"href":"https:\/\/pasaenmendoza.com\/index.php?rest_route=%2Fwp%2Fv2%2Fcomments&post=11432"}],"version-history":[{"count":1,"href":"https:\/\/pasaenmendoza.com\/index.php?rest_route=\/wp\/v2\/posts\/11432\/revisions"}],"predecessor-version":[{"id":11434,"href":"https:\/\/pasaenmendoza.com\/index.php?rest_route=\/wp\/v2\/posts\/11432\/revisions\/11434"}],"wp:featuredmedia":[{"embeddable":true,"href":"https:\/\/pasaenmendoza.com\/index.php?rest_route=\/wp\/v2\/media\/11433"}],"wp:attachment":[{"href":"https:\/\/pasaenmendoza.com\/index.php?rest_route=%2Fwp%2Fv2%2Fmedia&parent=11432"}],"wp:term":[{"taxonomy":"category","embeddable":true,"href":"https:\/\/pasaenmendoza.com\/index.php?rest_route=%2Fwp%2Fv2%2Fcategories&post=11432"},{"taxonomy":"post_tag","embeddable":true,"href":"https:\/\/pasaenmendoza.com\/index.php?rest_route=%2Fwp%2Fv2%2Ftags&post=11432"}],"curies":[{"name":"wp","href":"https:\/\/api.w.org\/{rel}","templated":true}]}}