{"id":11438,"date":"2025-02-05T22:12:26","date_gmt":"2025-02-05T21:12:26","guid":{"rendered":"https:\/\/pasaenmendoza.com\/?p=11438"},"modified":"2025-02-05T22:12:27","modified_gmt":"2025-02-05T21:12:27","slug":"oms-rodolfo-montero-critico-la-salida-mientras-que-hebe-casado-la-celebro","status":"publish","type":"post","link":"https:\/\/pasaenmendoza.com\/?p=11438","title":{"rendered":"OMS: Rodolfo Montero critic\u00f3 la salida, mientras que Hebe Casado la celebr\u00f3"},"content":{"rendered":"\n<p><strong>El Gobierno de Mendoza no vio con buenos ojos la decisi\u00f3n del presidente Javier Milei de que Argentina abandone la Organizaci\u00f3n Mundial de la Salud<\/strong>. La medida comenz\u00f3 a trabajarse una vez que&nbsp;<strong>Donald Trump<\/strong>&nbsp;hizo lo propio al asumir en Estados Unidos.<\/p>\n\n\n\n<p>El ministro de Salud de la provincia,&nbsp;<strong>Rodolfo Montero<\/strong>,&nbsp;<strong>cuestion\u00f3 la decisi\u00f3n<\/strong>&nbsp;de Naci\u00f3n y&nbsp;<strong>llam\u00f3 a corregir los errores en las gestiones de estos organismos.<\/strong><\/p>\n\n\n\n<p>\u201c<em>A pesar de las posibles diferencias que podamos tener en la gesti\u00f3n de algunas situaciones con la OMS, como puede ser la reciente pandemia de covid 19, creemos que la coordinaci\u00f3n de pol\u00edticas sanitarias entre diferentes pa\u00edses es de enorme importancia<\/em>\u201c, destac\u00f3 Montero<em>.<\/em><\/p>\n\n\n\n<p>De todas formas,&nbsp;<strong>remarc\u00f3 que los organismos internacionales han perdido credibilidad<\/strong>&nbsp;en las ultimas d\u00e9cadas. \u201c<em>Se han sobre burocratizado y con el af\u00e1n de las buenas relaciones internacionales han ablandado sus recomendaciones, dej\u00e1ndolas a veces con escaso contenido<\/em>\u201c, sostuvo.<\/p>\n\n\n\n<p>Javier Milei, en sus fundamentos para abandonar este organismo, subray\u00f3 al manejo de la&nbsp;<strong>pandemia de coronavirus&nbsp;<\/strong>como determinante con una&nbsp;<strong>cuarentena eterna<\/strong>&nbsp;como principal medida de resguardo para evitar el contagio.<\/p>\n\n\n\n<p>\u201c<em>Los errores cometidos no deber\u00edan ser excusa para salirse de dichos organismos supra nacionales, deben ser la justificaci\u00f3n para reformarlos y mejorarlos<\/em>\u201c, observ\u00f3 Montero que ingres\u00f3 de esta manera al debate de este mi\u00e9rcoles sobre si fue positiva o negativa la decisi\u00f3n.<\/p>\n\n\n\n<p>\u201c<em>Desde el Ministerio de Salud y Deportes de Mendoza entendemos que as\u00ed como el Ministerio de Salud de la Naci\u00f3n debe tener rector\u00eda para articular las pol\u00edticas sanitarias de las provincias, deben existir organismos que logren cooperaci\u00f3n de los distintos pa\u00edses para proteger la salud de todos los habitantes<\/em>\u201c, finaliz\u00f3 diciendo el titular de la cartera sanitaria de Mendoza.<\/p>\n\n\n\n<h2 class=\"wp-block-heading\" id=\"h-hebe-casado-apoyo-la-decision-de-javier-milei\">Hebe Casado apoy\u00f3 la decisi\u00f3n de Javier Milei<\/h2>\n\n\n\n<p>Una postura totalmente contraria tom\u00f3 la vicegobernadora de Mendoza,&nbsp;<strong>Hebe Casado<\/strong>. La m\u00e9dica pediatra celebr\u00f3 en sus redes la medida del Gobierno nacional y record\u00f3 cuando le recomend\u00f3 al entonces gobernador Rodolfo Suarez que dejara sin efecto la cuarentena y empezara a liberar a Mendoza. \u201c<em><strong>Afuera!<\/strong><\/em>\u201c, escribi\u00f3 Hebe en X tras el anuncio de&nbsp;<strong>Manuel Adorni<\/strong>.<\/p>\n\n\n\n<p>Posteriormente, en otro tuit, la vicegobernadora -que es&nbsp;<strong>m\u00e9dica inmun\u00f3loga&nbsp;<\/strong>y siempre cuestion\u00f3 las decisiones sanitarias de la Provincia durante la gesti\u00f3n de&nbsp;<strong>Rodolfo Suarez<\/strong>-, reafirm\u00f3 la medida considerando lo siguiente: \u201c<em>En la historia de la humanidad nunca se hab\u00eda encerrado a los sanos en una pandemia, con criterios anti- cient\u00edficos avalaron esas medidas. Me opuse y a pesar de mi profesi\u00f3n y mi especialidad, la mayor\u00eda me critic\u00f3. El tiempo me dio la raz\u00f3n<\/em>\u201c.<\/p>\n\n\n\n<p>Aquella gesti\u00f3n de Suarez, pese a todo, fue una de las provincias que \u201cm\u00e1s le llev\u00f3 la contra\u201d al Gobierno de Alberto Fern\u00e1ndez en la gesti\u00f3n de la pandemia, con restricciones m\u00e1s leves que otras jurisdicciones.<\/p>\n\n\n\n<h2 class=\"wp-block-heading\" id=\"h-otra-ex-ministra-tambien-cuestiono\">Otra ex ministra tambi\u00e9n cuestion\u00f3<\/h2>\n\n\n\n<p>Claudia Najul es actualmente diputada provincial, pero en la primera gesti\u00f3n de Alfredo Cornejo fue ministra de Salud. La legisladora estuvo en sinton\u00eda con Montero.<\/p>\n\n\n\n<p>\u201c<em>Un paso m\u00e1s en el sentido equivocado: el Gobierno Nacional quiere sacar al pa\u00eds de la Organizaci\u00f3n Mundial de la Salud. Sin exponer argumentos serios ni presentar un plan. Nada. Es una decisi\u00f3n que nos a\u00edsla del mundo y perjudica a millones de argentinos y argentinas<\/em>\u201c, expuso en sus perfiles de redes sociales.<\/p>\n\n\n\n<p>Najul consider\u00f3 que la medida va a afectar a la provincia, en alg\u00fan punto. \u201cEl acceso a financiamiento para comprar insumos y medicamentos, avances tecnol\u00f3gicos, asistencia en situaciones de crisis, todo eso ser\u00e1 m\u00e1s complicado con esta medida\u201d, analiz\u00f3.<\/p>\n\n\n\n<p>Y tom\u00f3 esta salida de la OMS como \u201cirracional\u201d.<\/p>\n\n\n\n<p>\u201c<em>Est\u00e1n cruzando l\u00edmites muy serios. No se trata de librar una batalla cultural, sino de gobernar para que la sociedad viva cada d\u00eda mejor. Espero que recapaciten y no concreten este anuncio irracional<\/em>\u201c, concluy\u00f3.<\/p>\n\n\n\n<p><strong>Fuente: www.elsol.com.ar<\/strong><\/p>\n","protected":false},"excerpt":{"rendered":"<p>El Gobierno de Mendoza no vio con buenos ojos la decisi\u00f3n del presidente Javier Milei de que Argentina abandone la Organizaci\u00f3n Mundial de la Salud. La medida comenz\u00f3 a trabajarse una vez que&nbsp;Donald Trump&nbsp;hizo lo propio al asumir en Estados Unidos. El ministro de Salud de la provincia,&nbsp;Rodolfo Montero,&nbsp;cuestion\u00f3 la decisi\u00f3n&nbsp;de Naci\u00f3n y&nbsp;llam\u00f3 a corregir [&hellip;]<\/p>\n","protected":false},"author":2,"featured_media":11439,"comment_status":"open","ping_status":"open","sticky":false,"template":"","format":"standard","meta":[],"categories":[47],"tags":[],"_links":{"self":[{"href":"https:\/\/pasaenmendoza.com\/index.php?rest_route=\/wp\/v2\/posts\/11438"}],"collection":[{"href":"https:\/\/pasaenmendoza.com\/index.php?rest_route=\/wp\/v2\/posts"}],"about":[{"href":"https:\/\/pasaenmendoza.com\/index.php?rest_route=\/wp\/v2\/types\/post"}],"author":[{"embeddable":true,"href":"https:\/\/pasaenmendoza.com\/index.php?rest_route=\/wp\/v2\/users\/2"}],"replies":[{"embeddable":true,"href":"https:\/\/pasaenmendoza.com\/index.php?rest_route=%2Fwp%2Fv2%2Fcomments&post=11438"}],"version-history":[{"count":1,"href":"https:\/\/pasaenmendoza.com\/index.php?rest_route=\/wp\/v2\/posts\/11438\/revisions"}],"predecessor-version":[{"id":11440,"href":"https:\/\/pasaenmendoza.com\/index.php?rest_route=\/wp\/v2\/posts\/11438\/revisions\/11440"}],"wp:featuredmedia":[{"embeddable":true,"href":"https:\/\/pasaenmendoza.com\/index.php?rest_route=\/wp\/v2\/media\/11439"}],"wp:attachment":[{"href":"https:\/\/pasaenmendoza.com\/index.php?rest_route=%2Fwp%2Fv2%2Fmedia&parent=11438"}],"wp:term":[{"taxonomy":"category","embeddable":true,"href":"https:\/\/pasaenmendoza.com\/index.php?rest_route=%2Fwp%2Fv2%2Fcategories&post=11438"},{"taxonomy":"post_tag","embeddable":true,"href":"https:\/\/pasaenmendoza.com\/index.php?rest_route=%2Fwp%2Fv2%2Ftags&post=11438"}],"curies":[{"name":"wp","href":"https:\/\/api.w.org\/{rel}","templated":true}]}}