{"id":11441,"date":"2025-02-05T22:19:24","date_gmt":"2025-02-05T21:19:24","guid":{"rendered":"https:\/\/pasaenmendoza.com\/?p=11441"},"modified":"2025-02-05T22:19:24","modified_gmt":"2025-02-05T21:19:24","slug":"mas-de-374-000-personas-hicieron-turismo-en-mendoza-en-enero-un-2-mas-que-hace-un-ano","status":"publish","type":"post","link":"https:\/\/pasaenmendoza.com\/?p=11441","title":{"rendered":"M\u00e1s de 374.000 personas hicieron turismo en Mendoza en enero, un 2% m\u00e1s que hace un a\u00f1o"},"content":{"rendered":"\n<p>La ocupaci\u00f3n tur\u00edstica de\u00a0<strong>Mendoza<\/strong>\u00a0en\u00a0<strong>enero<\/strong>\u00a0alcanz\u00f3 un 62%, con unos 374 mil visitantes. Eso significa que el 2025 inici\u00f3 con una afluencia 2% superior a la de enero de 2024, seg\u00fan los datos del Observatorio Tur\u00edstico del\u00a0<strong>Emetur<\/strong>\u00a0(Ente Mendoza Turismo), que ya empez\u00f3 a realizar una\u00a0<strong>encuesta<\/strong>\u00a0para perfilar al\u00a0<strong>turismo<\/strong>\u00a0de la provincia.<\/p>\n\n\n\n<p>Si se tiene en cuenta que durante el primer mes del a\u00f1o la estad\u00eda promedio fue de 4,2 d\u00edas, a raz\u00f3n de un gasto diario de&nbsp;<strong>$74.245,02 por persona<\/strong>, la provincia se asegur\u00f3 algo m\u00e1s de $117 millones en ingresos.<\/p>\n\n\n\n<h2 class=\"wp-block-heading\">Los festivales, atractivo para el turismo en Mendoza<\/h2>\n\n\n\n<p>Los datos de la primera quincena, con unos 180 mil viajeros llegados a\u00a0Mendoza, ya hab\u00edan anticipado un buen enero para el turismo local.<\/p>\n\n\n\n<p>Una vez m\u00e1s, la naturaleza se impuso en las preferencias de los turistas. As\u00ed, San Rafael, Potrerillos, Alta Monta\u00f1a y Ruta 82 lideraron como destinos, aunque de acuerdo al Emetur Ciudad de Mendoza, General Alvear y Ciudad de San Rafael superaron el 50% de ocupaci\u00f3n.<\/p>\n\n\n\n<p>A esos datos se suman los vuelos del Aeropuerto El Plumerillo. En enero&nbsp;<strong>arribaron v\u00eda a\u00e9rea a Mendoza 15,8% m\u00e1s<\/strong>&nbsp;que hace un a\u00f1o, registro que super\u00f3 a diciembre (+ 9,1%).<\/p>\n\n\n\n<p>\u201cEnero termin\u00f3 con un&nbsp;<strong>pico de ocupaci\u00f3n<\/strong>&nbsp;<strong>gracias a la intensa agenda cultural&nbsp;<\/strong>que ofreci\u00f3 Mendoza. Se pudo disfrutar de Rivadavia Canta al pa\u00eds, el Festival de la Tonada, La Renga, en San Rafael, y m\u00faltiples propuestas en los 18 departamentos\u201d, analiz\u00f3 la presidenta del Emetur,&nbsp;<strong>Gabriela Testa<\/strong>.<\/p>\n\n\n\n<p>Para la funcionaria, el mayor flujo de visitantes se registra&nbsp;<strong>de jueves a domingo<\/strong>.<\/p>\n\n\n\n<p>A criterio de Testa, se debe a que &#8220;los viajeros&nbsp;<strong>se toman menos d\u00edas, pero m\u00e1s veces al a\u00f1o&#8221;<\/strong>.<\/p>\n\n\n\n<p>En cuanto al mercado dom\u00e9stico, Mendoza atrae mayormente a visitantes de&nbsp;<strong>Buenos Aires, Santa Fe y C\u00f3rdoba<\/strong>. A nivel internacional,&nbsp;<strong>Chile, Brasil, Norteam\u00e9rica<\/strong>&nbsp;(USA y Canad\u00e1) y&nbsp;<strong>Europa<\/strong>&nbsp;son los principales centros emisores.<\/p>\n\n\n\n<p>&#8220;Los atrae principalmente la cordillera y las propuestas relacionadas al turismo aventura, la gastronom\u00eda y el vino\u201d, agreg\u00f3 la funcionaria.<\/p>\n\n\n\n<h2 class=\"wp-block-heading\">Encuesta a los turistas que visitaron Mendoza<\/h2>\n\n\n\n<p>Desde el Gobierno se entusiasman con las pr\u00f3ximas fechas que prometen un pico de afluencia, como&nbsp;<strong>Vendimia<\/strong>&nbsp;y&nbsp;<strong>Semana Santa<\/strong>.<\/p>\n\n\n\n<p>\u201cMientras la mayor\u00eda de los destinos tur\u00edsticos del pa\u00eds finaliza su temporada el 15 de febrero, Mendoza tiene una temporada de verano extendida que&nbsp;<strong>llega hasta Semana Santa.<\/strong>&nbsp;Esto es gracias al&nbsp;<strong>feriado XXL de Carnaval<\/strong>,&nbsp;<strong>Vendimia<\/strong>, la&nbsp;<strong>Vendimia para Todxs<\/strong>&nbsp;y, luego,&nbsp;<strong>M\u00fasica Cl\u00e1sica por los Caminos del Vino<\/strong>\u201d.<\/p>\n\n\n\n<p>Mientras tanto, la Direcci\u00f3n de Estad\u00edsticas e Investigaciones Econ\u00f3micas (DEIE) y&nbsp;<strong>Emetur<\/strong>&nbsp;realizar\u00e1n una&nbsp;<strong>Encuesta de Caracterizaci\u00f3n del Turista<\/strong>. El objetivo: determinar el perfil, comportamiento y preferencias de los turistas nacionales que llegan a&nbsp;<strong>Mendoza<\/strong>, un insumo clave para planificar acciones en el sector turismo.<\/p>\n\n\n\n<h2 class=\"wp-block-heading\"><strong>\u00bfD\u00f3nde y c\u00f3mo se hace la encuesta?<\/strong><\/h2>\n\n\n\n<p>Seg\u00fan lo previsto, se relevar\u00e1 la opini\u00f3n de visitantes en 3 puntos de salida de la provincia: veh\u00edculos particulares en el paso de&nbsp;<strong>Desaguadero<\/strong>; \u00f3mnibus de larga distancia en la&nbsp;<strong>Terminal de Mendoza<\/strong>&nbsp;y la Terminal de San Rafael y el Aeropuerto&nbsp;<strong>El Plumerillo<\/strong>.<\/p>\n\n\n\n<p>El estudio abarcar\u00e1 todo 2025, con relevamientos en cuatro temporadas, para capturar la variabilidad en los flujos tur\u00edsticos. Se estima realizar&nbsp;<strong>3.192 encuestas anuales:&nbsp;<\/strong>la primera etapa, que ya comenz\u00f3, tiene una muestra de 800 personas.<\/p>\n\n\n\n<h2 class=\"wp-block-heading\"><strong>\u00bfQu\u00e9 preguntas se hacen en la encuesta?<\/strong><\/h2>\n\n\n\n<p>El cuestionario incluye:<\/p>\n\n\n\n<ul>\n<li><strong>Datos generales<\/strong>: lugar de residencia habitual, frecuencia de visita a Mendoza, duraci\u00f3n de la estad\u00eda y motivo principal del viaje.<\/li>\n\n\n\n<li><strong>Acompa\u00f1amiento y alojamiento<\/strong>: con qui\u00e9n viaja, tipo de hospedaje utilizado y ubicaci\u00f3n del alojamiento dentro de la provincia.<\/li>\n\n\n\n<li><strong>Organizaci\u00f3n del viaje<\/strong>: si el viaje fue planificado con anticipaci\u00f3n, c\u00f3mo se organiz\u00f3 y por qu\u00e9.<\/li>\n<\/ul>\n\n\n\n<p><strong>Fuente: www.diariouno.com.ar<\/strong><\/p>\n","protected":false},"excerpt":{"rendered":"<p>La ocupaci\u00f3n tur\u00edstica de\u00a0Mendoza\u00a0en\u00a0enero\u00a0alcanz\u00f3 un 62%, con unos 374 mil visitantes. Eso significa que el 2025 inici\u00f3 con una afluencia 2% superior a la de enero de 2024, seg\u00fan los datos del Observatorio Tur\u00edstico del\u00a0Emetur\u00a0(Ente Mendoza Turismo), que ya empez\u00f3 a realizar una\u00a0encuesta\u00a0para perfilar al\u00a0turismo\u00a0de la provincia. Si se tiene en cuenta que durante el [&hellip;]<\/p>\n","protected":false},"author":2,"featured_media":11442,"comment_status":"open","ping_status":"open","sticky":false,"template":"","format":"standard","meta":[],"categories":[64],"tags":[],"_links":{"self":[{"href":"https:\/\/pasaenmendoza.com\/index.php?rest_route=\/wp\/v2\/posts\/11441"}],"collection":[{"href":"https:\/\/pasaenmendoza.com\/index.php?rest_route=\/wp\/v2\/posts"}],"about":[{"href":"https:\/\/pasaenmendoza.com\/index.php?rest_route=\/wp\/v2\/types\/post"}],"author":[{"embeddable":true,"href":"https:\/\/pasaenmendoza.com\/index.php?rest_route=\/wp\/v2\/users\/2"}],"replies":[{"embeddable":true,"href":"https:\/\/pasaenmendoza.com\/index.php?rest_route=%2Fwp%2Fv2%2Fcomments&post=11441"}],"version-history":[{"count":1,"href":"https:\/\/pasaenmendoza.com\/index.php?rest_route=\/wp\/v2\/posts\/11441\/revisions"}],"predecessor-version":[{"id":11443,"href":"https:\/\/pasaenmendoza.com\/index.php?rest_route=\/wp\/v2\/posts\/11441\/revisions\/11443"}],"wp:featuredmedia":[{"embeddable":true,"href":"https:\/\/pasaenmendoza.com\/index.php?rest_route=\/wp\/v2\/media\/11442"}],"wp:attachment":[{"href":"https:\/\/pasaenmendoza.com\/index.php?rest_route=%2Fwp%2Fv2%2Fmedia&parent=11441"}],"wp:term":[{"taxonomy":"category","embeddable":true,"href":"https:\/\/pasaenmendoza.com\/index.php?rest_route=%2Fwp%2Fv2%2Fcategories&post=11441"},{"taxonomy":"post_tag","embeddable":true,"href":"https:\/\/pasaenmendoza.com\/index.php?rest_route=%2Fwp%2Fv2%2Ftags&post=11441"}],"curies":[{"name":"wp","href":"https:\/\/api.w.org\/{rel}","templated":true}]}}