{"id":11444,"date":"2025-02-05T22:26:33","date_gmt":"2025-02-05T21:26:33","guid":{"rendered":"https:\/\/pasaenmendoza.com\/?p=11444"},"modified":"2025-02-05T22:26:34","modified_gmt":"2025-02-05T21:26:34","slug":"paritarias-docentes-no-aceptaron-la-primera-oferta-de-aumento-salarial-para-el-2025","status":"publish","type":"post","link":"https:\/\/pasaenmendoza.com\/?p=11444","title":{"rendered":"Paritarias: docentes no aceptaron la primera oferta de aumento salarial para el 2025"},"content":{"rendered":"\n<p>El Sindicato Unido de Trabajadores de la Educaci\u00f3n (<strong>SUTE<\/strong>) no acept\u00f3 la primera oferta de aumento salarial que hizo el Gobierno a los\u00a0<strong>docentes\u00a0<\/strong>en este 2025.<\/p>\n\n\n\n<p><strong>Carina Sedano<\/strong>, secretaria general del gremio, revel\u00f3 tras la reuni\u00f3n&nbsp;<strong>paritaria&nbsp;<\/strong>que el Gobierno ofreci\u00f3 una suba del 5% en marzo y otra del 4% en junio, tanto para&nbsp;<strong>docentes&nbsp;<\/strong>como para celadores, con base de c\u00e1lculo a diciembre del a\u00f1o pasado.<\/p>\n\n\n\n<p>Al no llegar a un acuerdo en esta primera convocatoria, pasaron a un cuarto intermedio hasta el 14 de febrero.<\/p>\n\n\n\n<p>\u201cYa estar\u00e1n los trabajadores de la\u00a0<strong>educaci\u00f3n<\/strong>\u00a0en las escuelas. Queremos que ellos discutan entre s\u00ed las propuestas y los pasos a seguir\u201d, dijo Senado.<\/p>\n\n\n\n<h2 class=\"wp-block-heading\">La postura del SUTE, representante de los docentes en la paritaria<\/h2>\n\n\n\n<p>\u201cRechazamos la oferta por insuficiente. La propuesta no reconoce ni enero ni febrero; tampoco abril y mayo. Es a trimestre vencido\u201d, explic\u00f3 Sedano sobre los motivos que llevaron al&nbsp;<strong>SUTE&nbsp;<\/strong>a pedir una mejora de la oferta salarial.<\/p>\n\n\n\n<p>Entre otras razones, la secretaria general agreg\u00f3 que no hubo precisiones de Gobierno respecto de otras cuestiones como la situaci\u00f3n de los \u201cprofesores que tienen m\u00e1s de 42 horas, la titularizaci\u00f3n de celadores, y los puestos jer\u00e1rquicos\u201d.<\/p>\n\n\n\n<p>La nueva convocatoria se pact\u00f3 para el 14 de febrero. Se espera para esa fecha una nueva propuesta por parte del Gobierno de&nbsp;<strong>Mendoza<\/strong>.<\/p>\n\n\n\n<p>\u201cNosotros queremos recuperar lo que hist\u00f3ricamente \u00e9ramos los&nbsp;<strong>docentes&nbsp;<\/strong>en Mendoza. La semana que viene tambi\u00e9n habr\u00e1 reuni\u00f3n del Consejo Federal y tenemos que ver qu\u00e9 pasa en la paritaria nacional primero para hacer un pedido puntual\u201d, adelant\u00f3 de todas maneras Sedano.<\/p>\n\n\n\n<h2 class=\"wp-block-heading\">\u00bfPeligra el inicio de clases?<\/h2>\n\n\n\n<p><strong>Carina Sedano&nbsp;<\/strong>asegur\u00f3 que las medidas a seguir se resolver\u00e1n en plenario, pero no antes del segundo encuentro paritario.<\/p>\n\n\n\n<p>\u201cLo que queremos es que los docentes y directivos empiecen a discutir en sus escuelas las propuestas y las medidas que podemos llegar a tomar\u201d, expres\u00f3.<\/p>\n\n\n\n<p><strong>Fuente: www.diariouno.com.ar<\/strong><\/p>\n","protected":false},"excerpt":{"rendered":"<p>El Sindicato Unido de Trabajadores de la Educaci\u00f3n (SUTE) no acept\u00f3 la primera oferta de aumento salarial que hizo el Gobierno a los\u00a0docentes\u00a0en este 2025. Carina Sedano, secretaria general del gremio, revel\u00f3 tras la reuni\u00f3n&nbsp;paritaria&nbsp;que el Gobierno ofreci\u00f3 una suba del 5% en marzo y otra del 4% en junio, tanto para&nbsp;docentes&nbsp;como para celadores, con [&hellip;]<\/p>\n","protected":false},"author":2,"featured_media":11445,"comment_status":"open","ping_status":"open","sticky":false,"template":"","format":"standard","meta":[],"categories":[55],"tags":[],"_links":{"self":[{"href":"https:\/\/pasaenmendoza.com\/index.php?rest_route=\/wp\/v2\/posts\/11444"}],"collection":[{"href":"https:\/\/pasaenmendoza.com\/index.php?rest_route=\/wp\/v2\/posts"}],"about":[{"href":"https:\/\/pasaenmendoza.com\/index.php?rest_route=\/wp\/v2\/types\/post"}],"author":[{"embeddable":true,"href":"https:\/\/pasaenmendoza.com\/index.php?rest_route=\/wp\/v2\/users\/2"}],"replies":[{"embeddable":true,"href":"https:\/\/pasaenmendoza.com\/index.php?rest_route=%2Fwp%2Fv2%2Fcomments&post=11444"}],"version-history":[{"count":1,"href":"https:\/\/pasaenmendoza.com\/index.php?rest_route=\/wp\/v2\/posts\/11444\/revisions"}],"predecessor-version":[{"id":11446,"href":"https:\/\/pasaenmendoza.com\/index.php?rest_route=\/wp\/v2\/posts\/11444\/revisions\/11446"}],"wp:featuredmedia":[{"embeddable":true,"href":"https:\/\/pasaenmendoza.com\/index.php?rest_route=\/wp\/v2\/media\/11445"}],"wp:attachment":[{"href":"https:\/\/pasaenmendoza.com\/index.php?rest_route=%2Fwp%2Fv2%2Fmedia&parent=11444"}],"wp:term":[{"taxonomy":"category","embeddable":true,"href":"https:\/\/pasaenmendoza.com\/index.php?rest_route=%2Fwp%2Fv2%2Fcategories&post=11444"},{"taxonomy":"post_tag","embeddable":true,"href":"https:\/\/pasaenmendoza.com\/index.php?rest_route=%2Fwp%2Fv2%2Ftags&post=11444"}],"curies":[{"name":"wp","href":"https:\/\/api.w.org\/{rel}","templated":true}]}}