{"id":11450,"date":"2025-02-06T14:41:38","date_gmt":"2025-02-06T13:41:38","guid":{"rendered":"https:\/\/pasaenmendoza.com\/?p=11450"},"modified":"2025-02-06T14:41:39","modified_gmt":"2025-02-06T13:41:39","slug":"el-tiempo-para-este-jueves-mendoza-al-horno-por-temperaturas-extremas","status":"publish","type":"post","link":"https:\/\/pasaenmendoza.com\/?p=11450","title":{"rendered":"El tiempo para este jueves: Mendoza al \u201chorno\u201d por temperaturas extremas"},"content":{"rendered":"\n<p>La temperatura m\u00e1xima para&nbsp;<strong>este jueves alcanzar\u00e1 los 38 grados cent\u00edgrados<\/strong>, mientras que&nbsp;<strong>la m\u00ednima ascender\u00e1 a 23 grados.<\/strong><\/p>\n\n\n\n<p>El pron\u00f3stico de la Direcci\u00f3n de Contingencias Clim\u00e1ticas adelant\u00f3 que estar\u00e1 \u201c<em>caluroso con poca nubosidad, vientos moderados del noreste<\/em>\u201c.<\/p>\n\n\n\n<p>Adem\u00e1s se prev\u00e9 que estar\u00e1 \u201c<em><strong>inestable hacia la noche<\/strong><\/em>\u201c.<\/p>\n\n\n\n<p>De esta manera, se inicia una nueva ola de calor que tendr\u00e1 para los pr\u00f3ximos cuatro d\u00edas temperaturas que estar\u00e1n\u00a0<strong>entre los 39 y 40 grados cent\u00edgrados, m\u00e1s el regreso de las tormentas<\/strong>, seg\u00fan las estimaciones extendidas de la DCC.<\/p>\n\n\n\n<p><strong>Fuente: www.elsol.com.ar<\/strong><\/p>\n","protected":false},"excerpt":{"rendered":"<p>La temperatura m\u00e1xima para&nbsp;este jueves alcanzar\u00e1 los 38 grados cent\u00edgrados, mientras que&nbsp;la m\u00ednima ascender\u00e1 a 23 grados. El pron\u00f3stico de la Direcci\u00f3n de Contingencias Clim\u00e1ticas adelant\u00f3 que estar\u00e1 \u201ccaluroso con poca nubosidad, vientos moderados del noreste\u201c. Adem\u00e1s se prev\u00e9 que estar\u00e1 \u201cinestable hacia la noche\u201c. De esta manera, se inicia una nueva ola de calor [&hellip;]<\/p>\n","protected":false},"author":2,"featured_media":11451,"comment_status":"open","ping_status":"open","sticky":false,"template":"","format":"standard","meta":[],"categories":[52],"tags":[],"_links":{"self":[{"href":"https:\/\/pasaenmendoza.com\/index.php?rest_route=\/wp\/v2\/posts\/11450"}],"collection":[{"href":"https:\/\/pasaenmendoza.com\/index.php?rest_route=\/wp\/v2\/posts"}],"about":[{"href":"https:\/\/pasaenmendoza.com\/index.php?rest_route=\/wp\/v2\/types\/post"}],"author":[{"embeddable":true,"href":"https:\/\/pasaenmendoza.com\/index.php?rest_route=\/wp\/v2\/users\/2"}],"replies":[{"embeddable":true,"href":"https:\/\/pasaenmendoza.com\/index.php?rest_route=%2Fwp%2Fv2%2Fcomments&post=11450"}],"version-history":[{"count":1,"href":"https:\/\/pasaenmendoza.com\/index.php?rest_route=\/wp\/v2\/posts\/11450\/revisions"}],"predecessor-version":[{"id":11452,"href":"https:\/\/pasaenmendoza.com\/index.php?rest_route=\/wp\/v2\/posts\/11450\/revisions\/11452"}],"wp:featuredmedia":[{"embeddable":true,"href":"https:\/\/pasaenmendoza.com\/index.php?rest_route=\/wp\/v2\/media\/11451"}],"wp:attachment":[{"href":"https:\/\/pasaenmendoza.com\/index.php?rest_route=%2Fwp%2Fv2%2Fmedia&parent=11450"}],"wp:term":[{"taxonomy":"category","embeddable":true,"href":"https:\/\/pasaenmendoza.com\/index.php?rest_route=%2Fwp%2Fv2%2Fcategories&post=11450"},{"taxonomy":"post_tag","embeddable":true,"href":"https:\/\/pasaenmendoza.com\/index.php?rest_route=%2Fwp%2Fv2%2Ftags&post=11450"}],"curies":[{"name":"wp","href":"https:\/\/api.w.org\/{rel}","templated":true}]}}