{"id":11453,"date":"2025-02-06T14:46:53","date_gmt":"2025-02-06T13:46:53","guid":{"rendered":"https:\/\/pasaenmendoza.com\/?p=11453"},"modified":"2025-02-06T14:46:53","modified_gmt":"2025-02-06T13:46:53","slug":"tragedia-en-marista-rc-todo-lo-que-se-sabe-de-la-muerte-del-nino-en-la-escuela-de-verano","status":"publish","type":"post","link":"https:\/\/pasaenmendoza.com\/?p=11453","title":{"rendered":"Tragedia en Marista RC: todo lo que se sabe de la muerte del ni\u00f1o en la escuela de verano"},"content":{"rendered":"\n<p>El fiscal de Homicidios Gustavo Pirrello no recibi\u00f3 a\u00fan el informe preliminar de la necropsia de&nbsp;<strong>Faustino D\u00edaz<\/strong>, el ni\u00f1o de 5 a\u00f1os que muri\u00f3 ahogado en la colonia de verano del&nbsp;<strong>Club Marista<\/strong>, en&nbsp;Luj\u00e1n de Cuyo. Durante la ma\u00f1ana de este jueves, tiene previsto reunirse con el forense para analizar los primeros resultados.<\/p>\n\n\n\n<p>Uno de los puntos clave de la investigaci\u00f3n es\u00a0<strong>la posici\u00f3n de garante que ten\u00edan los profesores a cargo del grupo de ni\u00f1os<\/strong>. En caso de encontrarse alg\u00fan grado de responsabilidad, se evaluar\u00e1 la posibilidad de avanzar con una<strong>\u00a0imputaci\u00f3n por homicidio culposo.<\/strong><\/p>\n\n\n\n<p>El tr\u00e1gico hecho ocurri\u00f3 alrededor de las 11, cuando el nene se ba\u00f1aba en la pileta del club y se ahog\u00f3. Pese a los intentos de reanimaci\u00f3n realizados por el personal del lugar y luego por el&nbsp;<strong>Servicio de Emergencias Coordinado<\/strong>&nbsp;(<strong>SEC<\/strong>), perdi\u00f3 la vida.<\/p>\n\n\n\n<p>Hasta el momento, declararon pocos testigos, lo que representa una dificultad en la instrucci\u00f3n de la causa. La mayor\u00eda de las personas que presenciaron los hechos son menores de edad, lo que complica el proceso judicial.<\/p>\n\n\n\n<p>El predio donde ocurri\u00f3 el hecho contaba con<strong>\u00a0c\u00e1maras de seguridad, pero ninguna apuntaba hacia la pileta<\/strong>, lo que podr\u00eda haber sido fundamental para esclarecer los hechos.<\/p>\n\n\n\n<p>Por otro lado, no hay evidencia en el expediente que respalde la hip\u00f3tesis de que el ni\u00f1o se golpe\u00f3, se desvaneci\u00f3 y falleci\u00f3. Sin embargo, Polic\u00eda Cient\u00edfica&nbsp;<strong>detect\u00f3 una \u201caureola\u201d rosada en la cabeza&nbsp;<\/strong>del menor, lo que podr\u00eda indicar una lesi\u00f3n. No obstante, el Cuerpo M\u00e9dico Forense ser\u00e1 el encargado de determinar si esto tuvo relaci\u00f3n con la muerte.<\/p>\n\n\n\n<p>En total,&nbsp;<strong>hab\u00eda 30 ni\u00f1os en el complejo&nbsp;<\/strong>al momento del hecho, pero no est\u00e1 claro si todos estaban en la pileta o si algunos realizaban otras actividades.<\/p>\n\n\n\n<p>Seg\u00fan la declaraci\u00f3n de un testigo, hab\u00eda cinco profesores presentes. El fiscal Pirrello trabaja en corroborar esta informaci\u00f3n, ya que a\u00fan no se ha determinado si todos los docentes estaban en la pileta o si algunos se encontraban supervisando a otros ni\u00f1os de diferentes edades.<\/p>\n\n\n\n<p><strong>Fuente: www.elsol.com.ar<\/strong><\/p>\n","protected":false},"excerpt":{"rendered":"<p>El fiscal de Homicidios Gustavo Pirrello no recibi\u00f3 a\u00fan el informe preliminar de la necropsia de&nbsp;Faustino D\u00edaz, el ni\u00f1o de 5 a\u00f1os que muri\u00f3 ahogado en la colonia de verano del&nbsp;Club Marista, en&nbsp;Luj\u00e1n de Cuyo. Durante la ma\u00f1ana de este jueves, tiene previsto reunirse con el forense para analizar los primeros resultados. Uno de los [&hellip;]<\/p>\n","protected":false},"author":2,"featured_media":11454,"comment_status":"open","ping_status":"open","sticky":false,"template":"","format":"standard","meta":[],"categories":[48],"tags":[],"_links":{"self":[{"href":"https:\/\/pasaenmendoza.com\/index.php?rest_route=\/wp\/v2\/posts\/11453"}],"collection":[{"href":"https:\/\/pasaenmendoza.com\/index.php?rest_route=\/wp\/v2\/posts"}],"about":[{"href":"https:\/\/pasaenmendoza.com\/index.php?rest_route=\/wp\/v2\/types\/post"}],"author":[{"embeddable":true,"href":"https:\/\/pasaenmendoza.com\/index.php?rest_route=\/wp\/v2\/users\/2"}],"replies":[{"embeddable":true,"href":"https:\/\/pasaenmendoza.com\/index.php?rest_route=%2Fwp%2Fv2%2Fcomments&post=11453"}],"version-history":[{"count":1,"href":"https:\/\/pasaenmendoza.com\/index.php?rest_route=\/wp\/v2\/posts\/11453\/revisions"}],"predecessor-version":[{"id":11455,"href":"https:\/\/pasaenmendoza.com\/index.php?rest_route=\/wp\/v2\/posts\/11453\/revisions\/11455"}],"wp:featuredmedia":[{"embeddable":true,"href":"https:\/\/pasaenmendoza.com\/index.php?rest_route=\/wp\/v2\/media\/11454"}],"wp:attachment":[{"href":"https:\/\/pasaenmendoza.com\/index.php?rest_route=%2Fwp%2Fv2%2Fmedia&parent=11453"}],"wp:term":[{"taxonomy":"category","embeddable":true,"href":"https:\/\/pasaenmendoza.com\/index.php?rest_route=%2Fwp%2Fv2%2Fcategories&post=11453"},{"taxonomy":"post_tag","embeddable":true,"href":"https:\/\/pasaenmendoza.com\/index.php?rest_route=%2Fwp%2Fv2%2Ftags&post=11453"}],"curies":[{"name":"wp","href":"https:\/\/api.w.org\/{rel}","templated":true}]}}