{"id":11459,"date":"2025-02-06T15:39:04","date_gmt":"2025-02-06T14:39:04","guid":{"rendered":"https:\/\/pasaenmendoza.com\/?p=11459"},"modified":"2025-02-06T15:39:05","modified_gmt":"2025-02-06T14:39:05","slug":"un-camionero-argentino-murio-en-los-caracoles-de-chile-al-sufrir-un-infarto-mientras-manejaba","status":"publish","type":"post","link":"https:\/\/pasaenmendoza.com\/?p=11459","title":{"rendered":"Un camionero argentino muri\u00f3 en los caracoles de Chile al sufrir un infarto mientras manejaba"},"content":{"rendered":"\n<p>Un\u00a0<strong>camionero\u00a0<\/strong>argentino sufri\u00f3 un\u00a0<strong>infarto\u00a0<\/strong>cuando manejaba por los caracoles de\u00a0<strong>Chile<\/strong>, perdi\u00f3 el control del veh\u00edculo y el rodado qued\u00f3 cruzado en el costado de una de las curvas. Otros conductores intentaron auxiliarlo y cuando lleg\u00f3 el servicio de emergencias confirm\u00f3 que hab\u00eda muerto. En la madrugada hubo un corte total para sacar el cuerpo de la v\u00edctima.<\/p>\n\n\n\n<p>El chofer argentino fue identificado como<strong>\u00a0Jos\u00e9 S\u00e1nchez<\/strong>, de 38 a\u00f1os, quien conduc\u00eda un cami\u00f3n de una empresa de San Juan y ten\u00eda como destino\u00a0<strong>Chile<\/strong>. Eran cerca de las 21 del mi\u00e9rcoles cuando el hombre se descompens\u00f3.<\/p>\n\n\n\n<p>Los dem\u00e1s conductores que iban por los caracoles de&nbsp;<strong>Chile<\/strong>&nbsp;notaron que algo le pasaba, ya que hab\u00eda perdido el control del rodado, el cual qued\u00f3 cruzado a un lado de la calzada hasta que se detuvo. Cuando fueron a asistirlo notaron que el hombre estaba descompensado.<\/p>\n\n\n\n<p>Poco despu\u00e9s lleg\u00f3 personal de Bomberos y confirmaron que el chofer argentino hab\u00eda&nbsp;<strong>muerto&nbsp;<\/strong>en el lugar.<\/p>\n\n\n\n<h2 class=\"wp-block-heading\">Operativo para sacar al camionero muerto en los caracoles de Chile<\/h2>\n\n\n\n<p>Mientras realizaban las pericias, regularon el tr\u00e1nsito en la curva 12 de la ruta 60 de&nbsp;<strong>Chile<\/strong>. All\u00ed hicieron un&nbsp;<em>bypass<\/em>&nbsp;para continuar con la circulaci\u00f3n de los veh\u00edculos y no generar mayores demoras.<\/p>\n\n\n\n<p>Alrededor de las 2 de este jueves cortaron el tr\u00e1nsito por completo para sacar el cuerpo de Jos\u00e9 S\u00e1nchez, el\u00a0<strong>camionero<\/strong>\u00a0argentino que muri\u00f3 de un infarto.<\/p>\n\n\n\n<p>Una vez que lo sacaron e hicieron los\u00a0<strong>peritajes\u00a0<\/strong>correspondientes en el lugar, corrieron el cami\u00f3n y el tr\u00e1nsito se restableci\u00f3 con normalidad.<\/p>\n\n\n\n<p><strong>Fuente: www.diariouno.com.ar<\/strong><\/p>\n","protected":false},"excerpt":{"rendered":"<p>Un\u00a0camionero\u00a0argentino sufri\u00f3 un\u00a0infarto\u00a0cuando manejaba por los caracoles de\u00a0Chile, perdi\u00f3 el control del veh\u00edculo y el rodado qued\u00f3 cruzado en el costado de una de las curvas. Otros conductores intentaron auxiliarlo y cuando lleg\u00f3 el servicio de emergencias confirm\u00f3 que hab\u00eda muerto. En la madrugada hubo un corte total para sacar el cuerpo de la v\u00edctima. [&hellip;]<\/p>\n","protected":false},"author":2,"featured_media":11460,"comment_status":"open","ping_status":"open","sticky":false,"template":"","format":"standard","meta":[],"categories":[48],"tags":[],"_links":{"self":[{"href":"https:\/\/pasaenmendoza.com\/index.php?rest_route=\/wp\/v2\/posts\/11459"}],"collection":[{"href":"https:\/\/pasaenmendoza.com\/index.php?rest_route=\/wp\/v2\/posts"}],"about":[{"href":"https:\/\/pasaenmendoza.com\/index.php?rest_route=\/wp\/v2\/types\/post"}],"author":[{"embeddable":true,"href":"https:\/\/pasaenmendoza.com\/index.php?rest_route=\/wp\/v2\/users\/2"}],"replies":[{"embeddable":true,"href":"https:\/\/pasaenmendoza.com\/index.php?rest_route=%2Fwp%2Fv2%2Fcomments&post=11459"}],"version-history":[{"count":1,"href":"https:\/\/pasaenmendoza.com\/index.php?rest_route=\/wp\/v2\/posts\/11459\/revisions"}],"predecessor-version":[{"id":11461,"href":"https:\/\/pasaenmendoza.com\/index.php?rest_route=\/wp\/v2\/posts\/11459\/revisions\/11461"}],"wp:featuredmedia":[{"embeddable":true,"href":"https:\/\/pasaenmendoza.com\/index.php?rest_route=\/wp\/v2\/media\/11460"}],"wp:attachment":[{"href":"https:\/\/pasaenmendoza.com\/index.php?rest_route=%2Fwp%2Fv2%2Fmedia&parent=11459"}],"wp:term":[{"taxonomy":"category","embeddable":true,"href":"https:\/\/pasaenmendoza.com\/index.php?rest_route=%2Fwp%2Fv2%2Fcategories&post=11459"},{"taxonomy":"post_tag","embeddable":true,"href":"https:\/\/pasaenmendoza.com\/index.php?rest_route=%2Fwp%2Fv2%2Ftags&post=11459"}],"curies":[{"name":"wp","href":"https:\/\/api.w.org\/{rel}","templated":true}]}}