{"id":1146,"date":"2023-09-01T16:02:12","date_gmt":"2023-09-01T14:02:12","guid":{"rendered":"https:\/\/pasaenmendoza.com\/?p=1146"},"modified":"2023-09-01T16:02:13","modified_gmt":"2023-09-01T14:02:13","slug":"item-aula-la-oposicion-presiona-pero-el-oficialismo-apuesta-a-enfriar-la-polemica","status":"publish","type":"post","link":"https:\/\/pasaenmendoza.com\/?p=1146","title":{"rendered":"\u00cdtem Aula: la oposici\u00f3n presiona, pero el oficialismo apuesta a enfriar la pol\u00e9mica"},"content":{"rendered":"\n<p>La C\u00e1mara de Senadores debatir\u00e1 el pr\u00f3ximo lunes en sesi\u00f3n especial el&nbsp;<strong>\u00cdtem Aula<\/strong>, por pedido de la oposici\u00f3n que pidi\u00f3 su derogaci\u00f3n y que el adicional sea contemplada en el salario b\u00e1sico de los docentes. Ante esta situaci\u00f3n, las principales fuerzas pol\u00edticas con representaci\u00f3n parlamentaria se preparan para lo que ser\u00e1 un arduo y tenso debate.<\/p>\n\n\n\n<p>Si bien las posturas de los frentes que ocupan bancas en la C\u00e1mara Alta ya son de p\u00fablico conocimiento, hasta el momento, cada una de ellos est\u00e1n expectante sobre lo que propondr\u00e1n los otros bloques.<\/p>\n\n\n\n<p>Desde el oficialismo provincial se reunir\u00e1n el mismo lunes a las 8 para decidir si van a dar qu\u00f3rum a la sesi\u00f3n especial. Para\u00a0<strong>Cambia Mendoza (CM)<\/strong>, la presentaci\u00f3n que hizo el peronismo es \u201c<em>una aberraci\u00f3n jur\u00eddica<\/em>\u201d y que\u00a0<mark>su \u00fanica intenci\u00f3n es sacar r\u00e9dito electoral a 20 d\u00edas de las elecciones generales en Mendoza<\/mark>.<\/p>\n\n\n\n<p>El gobernador Rodolfo Suarez volvi\u00f3 a referirse a esta pol\u00e9mica en la inauguraci\u00f3n del sector de m\u00e1xima seguridad en Almafuerte II: \u201c<em>Han pedido el tratamiento del \u00edtem aula en medio del proceso electoral, no lo hab\u00edan pedido nunca antes<\/em>\u201c, objet\u00f3 y dej\u00f3 ver un adelanto de lo que podr\u00eda ocurrir el lunes: \u201c<em>Yo creo que los legisladores sabr\u00e1n que hacer, seguramente ir\u00e1 a comisiones<\/em>\u201c. Es decir,\u00a0<mark>un enfriamiento del tema<\/mark>.<\/p>\n\n\n\n<p>El presidente del bloque oficialista,<strong>&nbsp;Mart\u00edn Kerchner<\/strong>&nbsp;sostuvo que lo que suceder\u00e1 el lunes 4 de setiembre en la Legislatura ser\u00e1 una puesta en escena del peronismo para \u201ctratar de juntar un poco m\u00e1s de votos\u201d.<\/p>\n\n\n\n<p>\u201c<em>El peronismo sabe que no le dan los n\u00fameros para que apruebe en mayor\u00eda simple o para que la sesi\u00f3n se transforme en una comisi\u00f3n que necesita los dos tercios de la c\u00e1mara. Por eso sostengo que es una movida electoral<\/em>\u201d, desliz\u00f3 el senador provincial.<\/p>\n\n\n\n<p>La iniciativa impulsada por el bloque peronista no tiene despacho de comisi\u00f3n, que es el paso administrativo previo de cualquier proyecto de ley. En las circunstancias de la sesi\u00f3n especial, entonces hay una previa que se dar\u00e1 el lunes antes de que comience a discutirse: el pedido tiene que ser avalado por los dos tercios para que la misma c\u00e1mara se constituya como comisi\u00f3n. Y luego, el debate.<\/p>\n\n\n\n<p>Para el oficialismo, no es tan simple como sentarse a discutir y levantar la mano. Sucede que&nbsp;<mark>lo propuesto por la oposici\u00f3n tiene componentes financieros que merecen haberse tratado primero en la comisi\u00f3n de Hacienda. No es el \u00fanico cuestionamiento que hicieron<\/mark>.<\/p>\n\n\n\n<p>\u201c<em>Esto entr\u00f3 ayer a las 10 de la ma\u00f1ana sin tener un despacho en una comisi\u00f3n, yo ped\u00ed que le den estado parlamentario y lo gir\u00e9 a tres comisiones.&nbsp; A Legislaci\u00f3n y Asuntos Constitucionales, para ver si es legal, porque el proyecto est\u00e1 mal redactado. A Educaci\u00f3n, para pedir informaci\u00f3n de efectos o defectos que ha tenido el \u00edtem Aula y a Hacienda porque implica el gasto presupuestario de los sueldos<\/em>\u201d, explic\u00f3 Kerchner.<\/p>\n\n\n\n<h2 class=\"wp-block-heading\">Los l\u00edmites de la oposici\u00f3n<\/h2>\n\n\n\n<p>El peronismo mendocino revel\u00f3 que pidi\u00f3 la sesi\u00f3n especial porque ya no hay m\u00e1s tiempo que perder debido a que los docentes son \u201c<em>rehenes<\/em>\u201d de la normativa que fue aprobada en 2016 bajo la gesti\u00f3n de&nbsp;<strong>Alfredo Cornejo&nbsp;<\/strong>y se muestran convencidos a dar la discusi\u00f3n en el recinto.<\/p>\n\n\n\n<p>\u201c<em>Precisamente la sesi\u00f3n especial es saltear el tr\u00e1mite de la comisi\u00f3n para no demorarlo. Hace 7 a\u00f1os se viene hablando. Todos tenemos una postura clara, algunos la cambiaron ahora&nbsp;<\/em>-en alusi\u00f3n al demarchismo-<em>. No hace falta un estudio, todos sabemos lo que es el \u00edtem Aula, esto es una decisi\u00f3n pol\u00edtica<\/em>\u201d, sostuvo el kirchnerista<strong>&nbsp;Lucas Ilardo<\/strong>.<\/p>\n\n\n\n<p>El candidato a Vicegobernador por el&nbsp;<strong>Frente Eleg\u00ed<\/strong>&nbsp;tambi\u00e9n reconoci\u00f3 que&nbsp;<mark>no hay una estrategia en el bloque, m\u00e1s que dar la discusi\u00f3n para conseguir la derogaci\u00f3n<\/mark>. Y si, por como est\u00e1n dados los n\u00fameros con mayor\u00eda del oficialismo, la propuesta se rechaza, entonces directamente eliminar\u00e1n ese adicional si llegan a ser gobierno.<\/p>\n\n\n\n<p>Por el lado de&nbsp;<strong>La Uni\u00f3n Mendocina (LAUM)<\/strong>&nbsp;ir\u00e1n a escuchar la postura del oficialismo y&nbsp;<mark>seg\u00fan como se desarrolle la sesi\u00f3n plantear\u00e1n su posici\u00f3n y propuestas<\/mark>&nbsp;acerca del pol\u00e9mico \u00edtem.<\/p>\n\n\n\n<p>\u201c<em>Nosotros tenemos alternativas para resolver el tema del ausentismo, el control laboral desde salud laboral, que es el gran problema que ha tenido en las fallas siempre el sistema. Sobre eso es lo que tenemos propuestas<\/em>\u201d, argument\u00f3&nbsp;<strong>Rolando Baldasso<\/strong>, presidente de bloque de LAUM.<\/p>\n\n\n\n<p>A pesar que ahora se muestran expectantes, ya en agosto&nbsp;<strong>Omar De Marchi<\/strong>&nbsp;se meti\u00f3 en la pol\u00e9mica al ser cruzado por cr\u00edticas del Consejo Empresario Mendocino. En esa oportunidad, el candidato a gobernador por LAUM hab\u00eda dicho: \u201c<em>Vamos a eliminar el \u00edtem aula y lo vamos a incorporar al salario docente<\/em>\u201c. Tambi\u00e9n hab\u00eda puesto en duda los efectos de la medida en el sector educativo.<\/p>\n\n\n\n<p>Con todo, hay una realidad:&nbsp;<mark>aunque la oposici\u00f3n se una, no le alcanzan los n\u00fameros en el recinto para avanzar con la derogaci\u00f3n<\/mark>. De un total de 38 senadores, el peronismo tiene 14 bancas, mientras que el PRO demarchista apenas 4, contra los 20 que sienta&nbsp;<strong>Cambia Mendoza<\/strong>.<\/p>\n\n\n\n<h2 class=\"wp-block-heading\" id=\"h-que-es-el-item-aula-y-como-impacto-en-el-presentismo\">Qu\u00e9 es el \u00edtem Aula y c\u00f3mo impact\u00f3 en el presentismo<\/h2>\n\n\n\n<p>El \u00edtem Aula fue una herramienta que implement\u00f3 el Gobierno provincial durante la gesti\u00f3n de Alfredo Cornejo para&nbsp;<mark>regular el ausentismo masivo de docentes<\/mark>&nbsp;que hab\u00eda en ese momento y para evitar permanente paro de trabajadores de la educaci\u00f3n en la provincia.<\/p>\n\n\n\n<p>Para eso, implement\u00f3\u00a0<mark>una cl\u00e1usula que representa un 10% de la asignaci\u00f3n de clase, estado docente, zona y antig\u00fcedad<\/mark>\u00a0que incentiva los mismos a cumplir con sus obligaciones laborales.<\/p>\n\n\n\n<p><strong>Fuente: www.elsol.com.ar<\/strong><\/p>\n","protected":false},"excerpt":{"rendered":"<p>La C\u00e1mara de Senadores debatir\u00e1 el pr\u00f3ximo lunes en sesi\u00f3n especial el&nbsp;\u00cdtem Aula, por pedido de la oposici\u00f3n que pidi\u00f3 su derogaci\u00f3n y que el adicional sea contemplada en el salario b\u00e1sico de los docentes. Ante esta situaci\u00f3n, las principales fuerzas pol\u00edticas con representaci\u00f3n parlamentaria se preparan para lo que ser\u00e1 un arduo y tenso [&hellip;]<\/p>\n","protected":false},"author":2,"featured_media":1147,"comment_status":"open","ping_status":"open","sticky":false,"template":"","format":"standard","meta":[],"categories":[56],"tags":[],"_links":{"self":[{"href":"https:\/\/pasaenmendoza.com\/index.php?rest_route=\/wp\/v2\/posts\/1146"}],"collection":[{"href":"https:\/\/pasaenmendoza.com\/index.php?rest_route=\/wp\/v2\/posts"}],"about":[{"href":"https:\/\/pasaenmendoza.com\/index.php?rest_route=\/wp\/v2\/types\/post"}],"author":[{"embeddable":true,"href":"https:\/\/pasaenmendoza.com\/index.php?rest_route=\/wp\/v2\/users\/2"}],"replies":[{"embeddable":true,"href":"https:\/\/pasaenmendoza.com\/index.php?rest_route=%2Fwp%2Fv2%2Fcomments&post=1146"}],"version-history":[{"count":2,"href":"https:\/\/pasaenmendoza.com\/index.php?rest_route=\/wp\/v2\/posts\/1146\/revisions"}],"predecessor-version":[{"id":1149,"href":"https:\/\/pasaenmendoza.com\/index.php?rest_route=\/wp\/v2\/posts\/1146\/revisions\/1149"}],"wp:featuredmedia":[{"embeddable":true,"href":"https:\/\/pasaenmendoza.com\/index.php?rest_route=\/wp\/v2\/media\/1147"}],"wp:attachment":[{"href":"https:\/\/pasaenmendoza.com\/index.php?rest_route=%2Fwp%2Fv2%2Fmedia&parent=1146"}],"wp:term":[{"taxonomy":"category","embeddable":true,"href":"https:\/\/pasaenmendoza.com\/index.php?rest_route=%2Fwp%2Fv2%2Fcategories&post=1146"},{"taxonomy":"post_tag","embeddable":true,"href":"https:\/\/pasaenmendoza.com\/index.php?rest_route=%2Fwp%2Fv2%2Ftags&post=1146"}],"curies":[{"name":"wp","href":"https:\/\/api.w.org\/{rel}","templated":true}]}}