{"id":11463,"date":"2025-02-06T23:12:53","date_gmt":"2025-02-06T22:12:53","guid":{"rendered":"https:\/\/pasaenmendoza.com\/?p=11463"},"modified":"2025-02-06T23:12:54","modified_gmt":"2025-02-06T22:12:54","slug":"cuatro-nuevos-jardines-de-infantes-se-construyen-en-mendoza-para-paliar-la-demanda-de-matricula","status":"publish","type":"post","link":"https:\/\/pasaenmendoza.com\/?p=11463","title":{"rendered":"Cuatro nuevos jardines de infantes se construyen en Mendoza para paliar la demanda de matr\u00edcula"},"content":{"rendered":"\n<p>La\u00a0<strong>Subsecretar\u00eda de Infraestructura y Desarrollo Territorial\u00a0<\/strong>contin\u00faa a paso firme con la\u00a0<strong>construcci\u00f3n\u00a0<\/strong>de nuevos\u00a0<strong>jardines de infantes<\/strong>\u00a0en distintos rincones de\u00a0<strong>Mendoza<\/strong>. Tal es el caso de dos establecimientos de nivel inicial que entraron en la fase final de la construcci\u00f3n y que est\u00e1n ubicados en\u00a0<strong>Guaymall\u00e9n y\u00a0Luj\u00e1n de Cuyo.<\/strong><\/p>\n\n\n\n<p>Por otra parte, tambi\u00e9n en el departamento de Luj\u00e1n de Cuyo, m\u00e1s precisamente en el distrito de Ugarteche, el Gobierno de Mendoza comenz\u00f3 la construcci\u00f3n del jard\u00edn Andr\u00e9s P\u00e9rez Rubia, que se licit\u00f3 en octubre de 2024 y el mes pasado arrancaron los trabajos que quedaron a cargo de la firma AJ Construcciones.<\/p>\n\n\n\n<p>En Godoy Cruz, se realiza la construcci\u00f3n del 0-000 A Crear en el barrio Sol y Sierra, cuyo avance de obra supera el 52%.<\/p>\n\n\n\n<p>Con estas cuatro edificaciones, la Provincia est\u00e1 en condiciones de matricular, en el nivel inicial, a unos 600 nuevos ni\u00f1os por a\u00f1o.<\/p>\n\n\n\n<h3 class=\"wp-block-heading\"><strong>Final de obra<\/strong><\/h3>\n\n\n\n<p>Tanto en el jardincito 0-076 S\/N, de Dorrego, como en el 0-129 Graciela Murgia, de Perdriel, la construcci\u00f3n supera el 96% del total de la obra, es decir que s\u00f3lo restan algunas terminaciones finas, revestimientos e instalaciones el\u00e9ctricas. En ambos casos, se estima que estar\u00e1n concluidas para el inicio del ciclo lectivo 2025.<\/p>\n\n\n\n<p>Los trabajos se llevaron a cabo con el m\u00e9todo\u00a0<em>steel framing<\/em>, que es un sistema industrializado compuesto por paneles y perfiles de metal galvanizado que reduce notoriamente los tiempos de construcci\u00f3n.<\/p>\n\n\n\n<h3 class=\"wp-block-heading\"><strong>El nuevo jardincito de Ugarteche<\/strong><\/h3>\n\n\n\n<p>Hace apenas un mes, comenz\u00f3 a construirse el nuevo espacio educativo frente a calle Los Glaciares, entre la ruta provincial 16 al Norte y la calle Los Barrancos al Sur.<\/p>\n\n\n\n<p>Esta escuela albergar\u00e1 una matr\u00edcula de 150 infantes del distrito lujanino. Actualmente, este cupo, cursa en el establecimiento de nivel inicial que funciona dentro de la Escuela 1-726 Estaci\u00f3n Jos\u00e9 Francisco Ugarteche.<\/p>\n\n\n\n<p>La superficie total a construir tiene 624.80 metros cuadrados. Por eso, el edificio ha sido sectorizado en dos bloques: el sector de aulas en peine hacia el sur del terreno y el \u00e1rea de acceso, gobierno y SUM, al este. Estos dos sectores se conectan mediante una galer\u00eda semicubierta en sentido Norte Sur.<\/p>\n\n\n\n<p>En este caso, el sistema constructivo del edificio que se usar\u00e1 es el tradicional con cubierta plana y estructura met\u00e1lica.<\/p>\n\n\n\n<p><strong>Fuente: www.diariomendoza.com.ar<\/strong><\/p>\n","protected":false},"excerpt":{"rendered":"<p>La\u00a0Subsecretar\u00eda de Infraestructura y Desarrollo Territorial\u00a0contin\u00faa a paso firme con la\u00a0construcci\u00f3n\u00a0de nuevos\u00a0jardines de infantes\u00a0en distintos rincones de\u00a0Mendoza. Tal es el caso de dos establecimientos de nivel inicial que entraron en la fase final de la construcci\u00f3n y que est\u00e1n ubicados en\u00a0Guaymall\u00e9n y\u00a0Luj\u00e1n de Cuyo. Por otra parte, tambi\u00e9n en el departamento de Luj\u00e1n de Cuyo, [&hellip;]<\/p>\n","protected":false},"author":2,"featured_media":11464,"comment_status":"open","ping_status":"open","sticky":false,"template":"","format":"standard","meta":[],"categories":[56],"tags":[],"_links":{"self":[{"href":"https:\/\/pasaenmendoza.com\/index.php?rest_route=\/wp\/v2\/posts\/11463"}],"collection":[{"href":"https:\/\/pasaenmendoza.com\/index.php?rest_route=\/wp\/v2\/posts"}],"about":[{"href":"https:\/\/pasaenmendoza.com\/index.php?rest_route=\/wp\/v2\/types\/post"}],"author":[{"embeddable":true,"href":"https:\/\/pasaenmendoza.com\/index.php?rest_route=\/wp\/v2\/users\/2"}],"replies":[{"embeddable":true,"href":"https:\/\/pasaenmendoza.com\/index.php?rest_route=%2Fwp%2Fv2%2Fcomments&post=11463"}],"version-history":[{"count":1,"href":"https:\/\/pasaenmendoza.com\/index.php?rest_route=\/wp\/v2\/posts\/11463\/revisions"}],"predecessor-version":[{"id":11465,"href":"https:\/\/pasaenmendoza.com\/index.php?rest_route=\/wp\/v2\/posts\/11463\/revisions\/11465"}],"wp:featuredmedia":[{"embeddable":true,"href":"https:\/\/pasaenmendoza.com\/index.php?rest_route=\/wp\/v2\/media\/11464"}],"wp:attachment":[{"href":"https:\/\/pasaenmendoza.com\/index.php?rest_route=%2Fwp%2Fv2%2Fmedia&parent=11463"}],"wp:term":[{"taxonomy":"category","embeddable":true,"href":"https:\/\/pasaenmendoza.com\/index.php?rest_route=%2Fwp%2Fv2%2Fcategories&post=11463"},{"taxonomy":"post_tag","embeddable":true,"href":"https:\/\/pasaenmendoza.com\/index.php?rest_route=%2Fwp%2Fv2%2Ftags&post=11463"}],"curies":[{"name":"wp","href":"https:\/\/api.w.org\/{rel}","templated":true}]}}