{"id":11466,"date":"2025-02-06T23:18:05","date_gmt":"2025-02-06T22:18:05","guid":{"rendered":"https:\/\/pasaenmendoza.com\/?p=11466"},"modified":"2025-02-06T23:18:06","modified_gmt":"2025-02-06T22:18:06","slug":"sigue-abierta-la-convocatoria-para-los-aspirantes-a-entrar-a-la-policia-de-mendoza","status":"publish","type":"post","link":"https:\/\/pasaenmendoza.com\/?p=11466","title":{"rendered":"Sigue abierta la convocatoria para los aspirantes a entrar a la Polic\u00eda de Mendoza"},"content":{"rendered":"\n<p>El\u00a0<strong>Instituto Universitario de Seguridad P\u00fablica<\/strong>\u00a0(IUSP) contin\u00faa con la convocatoria para\u00a0<strong>nuevos aspirantes<\/strong>\u00a0que deseen unirse a la\u00a0<strong>Polic\u00eda de Mendoza<\/strong>, a trav\u00e9s del\u00a0<strong>Curso de Formaci\u00f3n Profesional B\u00e1sica para Auxiliares<\/strong><em>.<\/em>\u00a0Adem\u00e1s, est\u00e1n abiertas las inscripciones para las carreras de grado.<\/p>\n\n\n\n<p>Las personas interesadas deben preinscribirse a trav\u00e9s en\u00a0este enlace. Tras cumplir con los requisitos de selecci\u00f3n establecidos por el IUSP, los postulantes\u00a0<strong>podr\u00e1n acceder a una ayuda econ\u00f3mica de 200.000 pesos, destinados a cubrir sus necesidades educativas y apoyar su formaci\u00f3n profesional.<\/strong><\/p>\n\n\n\n<p>Esta medida, impulsada por el Gobernador Alfredo Cornejo y la ministra de Seguridad y Justicia, Mercedes Rus, tiene como objetivo respaldar a quienes demuestren el compromiso y las capacidades necesarias para avanzar en su carrera dentro de las fuerzas.<\/p>\n\n\n\n<p>En la sede central, las inscripciones para el&nbsp;<strong>Curso de Formaci\u00f3n Profesional B\u00e1sica<\/strong>&nbsp;finalizan el 28 de febrero. Mientras tanto, en las delegaciones de las zonas Sur, Este y Valle de Uco, el plazo se extiende hasta el 31 de marzo.<\/p>\n\n\n\n<p>Por otro lado, el personal policial y penitenciario podr\u00e1 continuar con su profesionalizaci\u00f3n accediendo a las carreras de grado, como la Licenciatura en Seguridad P\u00fablica y Penitenciaria. Las inscripciones para estas carreras cierran el 23 de febrero. Para m\u00e1s informaci\u00f3n sobre los requisitos y los tr\u00e1mites necesarios, consultar la p\u00e1gina oficial<strong>\u00a0<\/strong>https:\/\/iusp.uncuyo.edu.ar.<\/p>\n\n\n\n<p><strong>Fuente: www.diariomendoza.com.ar<\/strong><\/p>\n","protected":false},"excerpt":{"rendered":"<p>El\u00a0Instituto Universitario de Seguridad P\u00fablica\u00a0(IUSP) contin\u00faa con la convocatoria para\u00a0nuevos aspirantes\u00a0que deseen unirse a la\u00a0Polic\u00eda de Mendoza, a trav\u00e9s del\u00a0Curso de Formaci\u00f3n Profesional B\u00e1sica para Auxiliares.\u00a0Adem\u00e1s, est\u00e1n abiertas las inscripciones para las carreras de grado. Las personas interesadas deben preinscribirse a trav\u00e9s en\u00a0este enlace. Tras cumplir con los requisitos de selecci\u00f3n establecidos por el IUSP, [&hellip;]<\/p>\n","protected":false},"author":2,"featured_media":11467,"comment_status":"open","ping_status":"open","sticky":false,"template":"","format":"standard","meta":[],"categories":[50],"tags":[],"_links":{"self":[{"href":"https:\/\/pasaenmendoza.com\/index.php?rest_route=\/wp\/v2\/posts\/11466"}],"collection":[{"href":"https:\/\/pasaenmendoza.com\/index.php?rest_route=\/wp\/v2\/posts"}],"about":[{"href":"https:\/\/pasaenmendoza.com\/index.php?rest_route=\/wp\/v2\/types\/post"}],"author":[{"embeddable":true,"href":"https:\/\/pasaenmendoza.com\/index.php?rest_route=\/wp\/v2\/users\/2"}],"replies":[{"embeddable":true,"href":"https:\/\/pasaenmendoza.com\/index.php?rest_route=%2Fwp%2Fv2%2Fcomments&post=11466"}],"version-history":[{"count":1,"href":"https:\/\/pasaenmendoza.com\/index.php?rest_route=\/wp\/v2\/posts\/11466\/revisions"}],"predecessor-version":[{"id":11468,"href":"https:\/\/pasaenmendoza.com\/index.php?rest_route=\/wp\/v2\/posts\/11466\/revisions\/11468"}],"wp:featuredmedia":[{"embeddable":true,"href":"https:\/\/pasaenmendoza.com\/index.php?rest_route=\/wp\/v2\/media\/11467"}],"wp:attachment":[{"href":"https:\/\/pasaenmendoza.com\/index.php?rest_route=%2Fwp%2Fv2%2Fmedia&parent=11466"}],"wp:term":[{"taxonomy":"category","embeddable":true,"href":"https:\/\/pasaenmendoza.com\/index.php?rest_route=%2Fwp%2Fv2%2Fcategories&post=11466"},{"taxonomy":"post_tag","embeddable":true,"href":"https:\/\/pasaenmendoza.com\/index.php?rest_route=%2Fwp%2Fv2%2Ftags&post=11466"}],"curies":[{"name":"wp","href":"https:\/\/api.w.org\/{rel}","templated":true}]}}