{"id":11469,"date":"2025-02-06T23:25:45","date_gmt":"2025-02-06T22:25:45","guid":{"rendered":"https:\/\/pasaenmendoza.com\/?p=11469"},"modified":"2025-02-06T23:25:46","modified_gmt":"2025-02-06T22:25:46","slug":"diputados-aprobo-la-suspension-de-las-paso-para-este-ano","status":"publish","type":"post","link":"https:\/\/pasaenmendoza.com\/?p=11469","title":{"rendered":"Diputados aprob\u00f3 la suspensi\u00f3n de las PASO para este a\u00f1o"},"content":{"rendered":"\n<p>La C\u00e1mara de Diputados de la Naci\u00f3n aprob\u00f3 este jueves en sesiones extraordinarias\u00a0la suspensi\u00f3n de las PASO (Primarias Abiertas, Simult\u00e1neas y Obligatorias).\u00a0Ahora debe tratar la iniciativa la C\u00e1mara de Senadores.<\/p>\n\n\n\n<p>Tras seis horas de sesi\u00f3n, la iniciativa cosech\u00f3 162 votos, 55 rechazos y 28 abstenciones.<\/p>\n\n\n\n<p>De esta manera, el gobierno nacional ya tiene franqueada la mitad del camino para ir sin primarias a las elecciones del 27 de octubre, inform\u00f3 Noticias Argentinas.<\/p>\n\n\n\n<h2 class=\"wp-block-heading\">Hasta parte del kichnerismo vot\u00f3 por la eliminaci\u00f3n de las PASO<\/h2>\n\n\n\n<p>Al margen de las razones de ahorro fiscal y de conveniencia electoral para prescindir de las PASO, en la sesi\u00f3n de Diputados el oficialismo se dio el gusto de lograr divisiones en varios bloques de la oposici\u00f3n como la UCR, Encuentro Federal e incluso Uni\u00f3n por la Patria (UxP).<\/p>\n\n\n\n<p>Como miembro informante del oficialismo, el diputado de La Libertad Avanza&nbsp;<strong>Nicol\u00e1s Mayoraz<\/strong>&nbsp;asegur\u00f3 que la suspensi\u00f3n de las PASO va en l\u00ednea con una de las promesas del presidente&nbsp;<strong>Javier Milei<\/strong>: \u201cAchicar el costo de la pol\u00edtica y poner a los pol\u00edticos en su lugar\u201d.<\/p>\n\n\n\n<p>El santafesino liberal sostuvo que distintas encuestas de opini\u00f3n a ciudadanos revelan un \u201crechazo absoluto a este sistema de Primarias Abiertas Simult\u00e1neas y Obligatorias&#8221;.<\/p>\n\n\n\n<p>Para Mayoraz, las PASO terminaron siendo \u201c<strong>una encuesta cara<\/strong>\u201d y no cumplieron la meta de &#8220;mejorar la calidad institucional\u201d.<\/p>\n\n\n\n<p><strong>Fuente: www.diariouno.com.ar<\/strong><\/p>\n","protected":false},"excerpt":{"rendered":"<p>La C\u00e1mara de Diputados de la Naci\u00f3n aprob\u00f3 este jueves en sesiones extraordinarias\u00a0la suspensi\u00f3n de las PASO (Primarias Abiertas, Simult\u00e1neas y Obligatorias).\u00a0Ahora debe tratar la iniciativa la C\u00e1mara de Senadores. Tras seis horas de sesi\u00f3n, la iniciativa cosech\u00f3 162 votos, 55 rechazos y 28 abstenciones. De esta manera, el gobierno nacional ya tiene franqueada la [&hellip;]<\/p>\n","protected":false},"author":2,"featured_media":11470,"comment_status":"open","ping_status":"open","sticky":false,"template":"","format":"standard","meta":[],"categories":[47],"tags":[],"_links":{"self":[{"href":"https:\/\/pasaenmendoza.com\/index.php?rest_route=\/wp\/v2\/posts\/11469"}],"collection":[{"href":"https:\/\/pasaenmendoza.com\/index.php?rest_route=\/wp\/v2\/posts"}],"about":[{"href":"https:\/\/pasaenmendoza.com\/index.php?rest_route=\/wp\/v2\/types\/post"}],"author":[{"embeddable":true,"href":"https:\/\/pasaenmendoza.com\/index.php?rest_route=\/wp\/v2\/users\/2"}],"replies":[{"embeddable":true,"href":"https:\/\/pasaenmendoza.com\/index.php?rest_route=%2Fwp%2Fv2%2Fcomments&post=11469"}],"version-history":[{"count":1,"href":"https:\/\/pasaenmendoza.com\/index.php?rest_route=\/wp\/v2\/posts\/11469\/revisions"}],"predecessor-version":[{"id":11471,"href":"https:\/\/pasaenmendoza.com\/index.php?rest_route=\/wp\/v2\/posts\/11469\/revisions\/11471"}],"wp:featuredmedia":[{"embeddable":true,"href":"https:\/\/pasaenmendoza.com\/index.php?rest_route=\/wp\/v2\/media\/11470"}],"wp:attachment":[{"href":"https:\/\/pasaenmendoza.com\/index.php?rest_route=%2Fwp%2Fv2%2Fmedia&parent=11469"}],"wp:term":[{"taxonomy":"category","embeddable":true,"href":"https:\/\/pasaenmendoza.com\/index.php?rest_route=%2Fwp%2Fv2%2Fcategories&post=11469"},{"taxonomy":"post_tag","embeddable":true,"href":"https:\/\/pasaenmendoza.com\/index.php?rest_route=%2Fwp%2Fv2%2Ftags&post=11469"}],"curies":[{"name":"wp","href":"https:\/\/api.w.org\/{rel}","templated":true}]}}