{"id":11475,"date":"2025-02-07T14:48:08","date_gmt":"2025-02-07T13:48:08","guid":{"rendered":"https:\/\/pasaenmendoza.com\/?p=11475"},"modified":"2025-02-07T14:48:09","modified_gmt":"2025-02-07T13:48:09","slug":"viernes-muy-caluroso-en-el-gran-mendoza-y-alerta-por-tormentas-en-el-sur","status":"publish","type":"post","link":"https:\/\/pasaenmendoza.com\/?p=11475","title":{"rendered":"Viernes muy caluroso en el Gran Mendoza y alerta por tormentas en el Sur"},"content":{"rendered":"\n<p>Este viernes, Mendoza enfrentar\u00e1 una jornada de temperaturas extremas, con una m\u00e1xima prevista de 40 grados cent\u00edgrados y una m\u00ednima de 24\u00baC.\u00a0 Se espera nubosidad variable y la posibilidad de tormentas aisladas en distintos puntos de la provincia.\u00a0<\/p>\n\n\n\n<p>Adem\u00e1s, los vientos moderados provenientes del noreste contribuir\u00e1n a un ambiente agobiante. En algunas zonas, como General Alvear y la parte baja de San Rafael, rige una\u00a0<strong>alerta amarilla por tormentas<\/strong>, lo que podr\u00eda generar condiciones clim\u00e1ticas adversas en ciertos sectores.<\/p>\n\n\n\n<p><strong>Alerta amarilla por tormentas fuertes<\/strong><\/p>\n\n\n\n<p>Desde el Servicio Meteorol\u00f3gico Nacional (SMN) han emitido una advertencia para el Sur de la provincia debido a la posibilidad de tormentas intensas.\u00a0<\/p>\n\n\n\n<p>Seg\u00fan los informes, estas tormentas podr\u00edan estar acompa\u00f1adas por &#8220;abundantes precipitaciones en cortos per\u00edodos&#8221;, actividad el\u00e9ctrica significativa, ca\u00edda de granizo y r\u00e1fagas de viento que podr\u00edan superar los 60 km\/h.&nbsp;<\/p>\n\n\n\n<p>En la zona de cordillera, no se descarta la posibilidad de precipitaciones en forma de nieve y granizo, lo que podr\u00eda afectar la transitabilidad en las rutas de alta monta\u00f1a.<\/p>\n\n\n\n<p><strong>Recomendaciones ante tormentas y vientos fuertes<\/strong><\/p>\n\n\n\n<p>Ante la posibilidad de tormentas y r\u00e1fagas intensas, las autoridades sugieren tomar precauciones adicionales. Se recomienda asegurar objetos que puedan ser desplazados por el viento, evitar actividades al aire libre durante la tormenta y mantenerse informado a trav\u00e9s de canales oficiales.\u00a0<\/p>\n\n\n\n<p>Tambi\u00e9n se aconseja evitar transitar por calles anegadas y no intentar cruzar cursos de agua en momentos de fuertes precipitaciones.<\/p>\n\n\n\n<p><strong>Un d\u00eda de clima extremo en Mendoza<\/strong><\/p>\n\n\n\n<p>Este viernes en Mendoza estar\u00e1 marcado por temperaturas sofocantes y la posibilidad de tormentas severas en algunas zonas. La combinaci\u00f3n de calor extremo y fen\u00f3menos meteorol\u00f3gicos adversos hace que sea una jornada para tomar precauciones y estar atentos a las actualizaciones del pron\u00f3stico.\u00a0<\/p>\n\n\n\n<p>Se recomienda seguir las indicaciones de las autoridades y adoptar medidas de prevenci\u00f3n tanto para mitigar los efectos del calor como para evitar riesgos ante posibles tormentas.<\/p>\n\n\n\n<p><strong>Fuente: www.mendozapost.com<\/strong><\/p>\n","protected":false},"excerpt":{"rendered":"<p>Este viernes, Mendoza enfrentar\u00e1 una jornada de temperaturas extremas, con una m\u00e1xima prevista de 40 grados cent\u00edgrados y una m\u00ednima de 24\u00baC.\u00a0 Se espera nubosidad variable y la posibilidad de tormentas aisladas en distintos puntos de la provincia.\u00a0 Adem\u00e1s, los vientos moderados provenientes del noreste contribuir\u00e1n a un ambiente agobiante. En algunas zonas, como General [&hellip;]<\/p>\n","protected":false},"author":2,"featured_media":11476,"comment_status":"open","ping_status":"open","sticky":false,"template":"","format":"standard","meta":[],"categories":[52],"tags":[],"_links":{"self":[{"href":"https:\/\/pasaenmendoza.com\/index.php?rest_route=\/wp\/v2\/posts\/11475"}],"collection":[{"href":"https:\/\/pasaenmendoza.com\/index.php?rest_route=\/wp\/v2\/posts"}],"about":[{"href":"https:\/\/pasaenmendoza.com\/index.php?rest_route=\/wp\/v2\/types\/post"}],"author":[{"embeddable":true,"href":"https:\/\/pasaenmendoza.com\/index.php?rest_route=\/wp\/v2\/users\/2"}],"replies":[{"embeddable":true,"href":"https:\/\/pasaenmendoza.com\/index.php?rest_route=%2Fwp%2Fv2%2Fcomments&post=11475"}],"version-history":[{"count":1,"href":"https:\/\/pasaenmendoza.com\/index.php?rest_route=\/wp\/v2\/posts\/11475\/revisions"}],"predecessor-version":[{"id":11477,"href":"https:\/\/pasaenmendoza.com\/index.php?rest_route=\/wp\/v2\/posts\/11475\/revisions\/11477"}],"wp:featuredmedia":[{"embeddable":true,"href":"https:\/\/pasaenmendoza.com\/index.php?rest_route=\/wp\/v2\/media\/11476"}],"wp:attachment":[{"href":"https:\/\/pasaenmendoza.com\/index.php?rest_route=%2Fwp%2Fv2%2Fmedia&parent=11475"}],"wp:term":[{"taxonomy":"category","embeddable":true,"href":"https:\/\/pasaenmendoza.com\/index.php?rest_route=%2Fwp%2Fv2%2Fcategories&post=11475"},{"taxonomy":"post_tag","embeddable":true,"href":"https:\/\/pasaenmendoza.com\/index.php?rest_route=%2Fwp%2Fv2%2Ftags&post=11475"}],"curies":[{"name":"wp","href":"https:\/\/api.w.org\/{rel}","templated":true}]}}