{"id":11485,"date":"2025-02-07T15:13:17","date_gmt":"2025-02-07T14:13:17","guid":{"rendered":"https:\/\/pasaenmendoza.com\/?p=11485"},"modified":"2025-02-07T15:13:18","modified_gmt":"2025-02-07T14:13:18","slug":"comerciantes-de-la-peatonal-denuncian-robos-hurtos-y-exhibicionismo","status":"publish","type":"post","link":"https:\/\/pasaenmendoza.com\/?p=11485","title":{"rendered":"Comerciantes de la Peatonal denuncian robos, hurtos y exhibicionismo"},"content":{"rendered":"\n<p>La postal es habitual. Si uno camina desde avenida\u00a0<strong>9 de julio hasta Patricias Mendocinas\u00a0<\/strong>y luego cruza hacia la plaza Independencia, se encontrar\u00e1 con decenas de personas en situaci\u00f3n de calle. Duermen en los bancos y merodean por la zona. En este punto radica un conflicto. Los comerciantes de la zona han expresado su hartazgo:\u00a0les roban, agreden al personal, agreden a los comensales y turistas, orinan en la puerta de los locales, amenazan, se emborrachan y generan conflictos constantes. El agravante es que estos comerciantes afirman sentirse desamparados. Dicen que los Preventores no tienen elementos para defenderlos y que el\u00a0<strong>Ministerio de Seguridad<\/strong>\u00a0no les da ninguna respuesta. Es m\u00e1s, aseguran que cuando se llevan a alguna persona que ocasiona alg\u00fan disturbio, a las pocas horas los tienen de vuelta en la peatonal. Al respecto,\u00a0la comuna asegura que hacen tareas de prevenci\u00f3n\u00a0y que la mayor\u00eda de los conflictivos vienen de otros departamentos.\u00a0<strong>Seguridad<\/strong>, asegura que vigila el \u00e1rea.<\/p>\n\n\n\n<p>&#8220;Son gente en situaci\u00f3n de calle que viene drogada, viene borracha. Hay una mujer que pide entrar al ba\u00f1o, pero no se la deja entrar. Siempre viene en la siesta. Una de las chicas que trabaja ac\u00e1 le dijo que no pod\u00eda, entonces la agredi\u00f3. Le tir\u00f3 una trompada. Esta chica empleada de ac\u00e1 le corre la mano y empez\u00f3 a amagar que ten\u00eda un cuchillo esa persona. A los chicos ya los escupen. Despu\u00e9s ten\u00edamos el de las medias o a cualquier persona que entra a vender que ha robado celulares de las mesas&#8221;, expres\u00f3<strong>\u00a0Laura Griffone de la cafeter\u00eda Mokka<\/strong>, ubicada a metros de la\u00a0<strong>Legislatura<\/strong>\u00a0provincial. El horarios m\u00e1s cr\u00edtico es en la siesta y en la noche. Despu\u00e9s est\u00e1 el grupito de chicos, que son los\u00a0<em>pira\u00f1as<\/em>\u00a0que le hemos llamado, que entran y manotean&#8221;.<\/p>\n\n\n\n<p>Por su parte,\u00a0<strong>Rub\u00e9n Fern\u00e1ndez y Mabel Russo,<\/strong>\u00a0due\u00f1os deun negocio de geonumerolog\u00eda en un kiosco de diarios sobre la peatonal, expresaron: &#8220;Est\u00e1n durmiendo, orinando, tirando comida. Parece que fuera el pueblo m\u00e1s abandonado del mundo mundial. Te da verg\u00fcenza ajena como acosan y como prepotean a los turistas. Los persiguen y los obligan a darles dinero. Est\u00e1n juntando dinero para el alcohol, para drogarse, para lo que sea. Est\u00e1n ah\u00ed todo el tiempo insultando, pele\u00e1ndose entre ellos. A la siesta, a la noche y los fines de semana es tierra de nadie&#8221;.<\/p>\n\n\n\n<p>&#8220;Est\u00e1n instalados ah\u00ed como si fuera su propio espacio. Tomando, drog\u00e1ndose, medio desnudos. A la noche lo mismo, es totalmente tierra de nadie. Vos est\u00e1s trabajando ac\u00e1, te pasan al lado, te insultan, incomodan a la gente que est\u00e1 ac\u00e1 con vosotros. No respetan a nada ni a nadie. Y te prepotean de una manera oblig\u00e1ndote a que vos le ten\u00e9s que dar o cigarrillo o plata o lo que sea&#8221;, cont\u00f3\u00a0<strong>Analia Berzio de helader\u00eda Reggi.\u00a0<\/strong>Tambi\u00e9n detall\u00f3 que a pesar de la resistencia del municipio implement\u00f3 una especie de corralito alrededor de las mesas que est\u00e1n sobre la vereda para restringir un poco el acceso. La comerciante tambi\u00e9n relat\u00f3 un episodio grave en el que un hombre que es habitu\u00e9 de la zona y que pernocta en la plaza Independencia, ingres\u00f3 al local, orin\u00f3 sobre un mostrador, exhibiendo sus genitales delante de ni\u00f1os que se encontraban en el lugar. Luego, agreg\u00f3: &#8220;Estamos en plena Legislatura. Es incre\u00edble lo que pasa. Solo cuando hay las manifestaciones est\u00e1 lleno de polic\u00edas&#8221;.<\/p>\n\n\n\n<p>Otro comerciante que cont\u00f3 la situaci\u00f3n que vive a diario es\u00a0<strong>Bruno Pinto de la chocolater\u00eda\u00a0 Gouher\u00a0<\/strong>quien relat\u00f3 que a diario son saqueados por chicos que entran, sacan los chocolates y se van corriendo: &#8220;No ten\u00e9s espacio para detenerlos. Y tampoco pod\u00e9s porque en el momento en que lo hac\u00e9s, empiezan a gritar. Ya no pod\u00e9s hacer nada&#8221;, expres\u00f3 Pinto qui\u00e9n asegur\u00f3 que este tipo de robos ocurre, al\u00a0 menos, tres veces por semana. Afirma que los chicos que andan robando rondan entre los 8 y los 20 a\u00f1os&#8221;.<\/p>\n\n\n\n<p>Otro que padece la situaci\u00f3n es Jorge, due\u00f1o del minimarket que se encuentra frente a la Casa de Leyes: &#8220;Es a diario, es permanente. Sobre todo a la tarde nos viven robando, entran de a uno, de a dos, de a tres. Es insostenible porque en el kiosco hay tantos art\u00edculos que los pibes se hacen un fest\u00edn con nosotros, ahora se ha calmado un poco pero hay bandadas seg\u00fan los d\u00edas. El empleado de la tarde en las \u00faltimas horas est\u00e1 solo porque nosotros cerramos a las 00 horas entonces de las 21 hasta la medianoche mi compa\u00f1ero Juan est\u00e1 solo, realmente necesitamos vigilancia&#8221;.<\/p>\n\n\n\n<p>Qu\u00e9 dice el municipio y el Ministerio de Seguridad<\/p>\n\n\n\n<p>La cartera de Seguridad que dirige la ministra Mercedes Rus asegur\u00f3 al Post que tienen en funcionamiento un operativo gastron\u00f3mico que cubre Ar\u00edstides, calle Sarmiento, Juan B Justo, Alameda y Peatonal. Fuentes del ministerio aseguraron que controlan la presencia policial en estos puntos estrat\u00e9gicos. No obstante, expresaron que al \u00e1rea de Relaciones con la Comunidad est\u00e1 abierta a recibir a los comerciantes que padecen estas situaciones.<\/p>\n\n\n\n<p>Por otro lado, fuentes de la comuna&nbsp; expresaron que hay entre 22 y 23 grupos de personan que rondan por la Ciudad. Tambi\u00e9n pusieron \u00e9nfasis en el domicilio de estos individuos, se\u00f1alando que un porcentaje muy bajo tiene su DNI asentado en la Capital y a ellos se les da asistencia. &#8220;Los dem\u00e1s vienen todos de afuera&#8221;, en alusi\u00f3n al proyecto de anillo de vigilancia que con el que buscan frenar esta situaci\u00f3n.<\/p>\n\n\n\n<p>Por otro lado, se\u00f1alaron que la peatonal tiene una guardia permanente de preventores yaseguran que intervienen. &#8220;Act\u00faan, han detenido personas, colaboran con estos operativos sociales que se hacen tambi\u00e9n, de abordaje con con estos grupos de familias&#8221;, manifestaron.<\/p>\n\n\n\n<p><strong>Fuente: www.mendozapost.com<\/strong><\/p>\n","protected":false},"excerpt":{"rendered":"<p>La postal es habitual. Si uno camina desde avenida\u00a09 de julio hasta Patricias Mendocinas\u00a0y luego cruza hacia la plaza Independencia, se encontrar\u00e1 con decenas de personas en situaci\u00f3n de calle. Duermen en los bancos y merodean por la zona. En este punto radica un conflicto. Los comerciantes de la zona han expresado su hartazgo:\u00a0les roban, [&hellip;]<\/p>\n","protected":false},"author":2,"featured_media":11486,"comment_status":"open","ping_status":"open","sticky":false,"template":"","format":"standard","meta":[],"categories":[50],"tags":[],"_links":{"self":[{"href":"https:\/\/pasaenmendoza.com\/index.php?rest_route=\/wp\/v2\/posts\/11485"}],"collection":[{"href":"https:\/\/pasaenmendoza.com\/index.php?rest_route=\/wp\/v2\/posts"}],"about":[{"href":"https:\/\/pasaenmendoza.com\/index.php?rest_route=\/wp\/v2\/types\/post"}],"author":[{"embeddable":true,"href":"https:\/\/pasaenmendoza.com\/index.php?rest_route=\/wp\/v2\/users\/2"}],"replies":[{"embeddable":true,"href":"https:\/\/pasaenmendoza.com\/index.php?rest_route=%2Fwp%2Fv2%2Fcomments&post=11485"}],"version-history":[{"count":1,"href":"https:\/\/pasaenmendoza.com\/index.php?rest_route=\/wp\/v2\/posts\/11485\/revisions"}],"predecessor-version":[{"id":11487,"href":"https:\/\/pasaenmendoza.com\/index.php?rest_route=\/wp\/v2\/posts\/11485\/revisions\/11487"}],"wp:featuredmedia":[{"embeddable":true,"href":"https:\/\/pasaenmendoza.com\/index.php?rest_route=\/wp\/v2\/media\/11486"}],"wp:attachment":[{"href":"https:\/\/pasaenmendoza.com\/index.php?rest_route=%2Fwp%2Fv2%2Fmedia&parent=11485"}],"wp:term":[{"taxonomy":"category","embeddable":true,"href":"https:\/\/pasaenmendoza.com\/index.php?rest_route=%2Fwp%2Fv2%2Fcategories&post=11485"},{"taxonomy":"post_tag","embeddable":true,"href":"https:\/\/pasaenmendoza.com\/index.php?rest_route=%2Fwp%2Fv2%2Ftags&post=11485"}],"curies":[{"name":"wp","href":"https:\/\/api.w.org\/{rel}","templated":true}]}}