{"id":11492,"date":"2025-02-07T21:31:07","date_gmt":"2025-02-07T20:31:07","guid":{"rendered":"https:\/\/pasaenmendoza.com\/?p=11492"},"modified":"2025-02-07T21:31:08","modified_gmt":"2025-02-07T20:31:08","slug":"aumento-de-la-tarifa-electrica-en-mendoza-sube-un-3-desde-febrero","status":"publish","type":"post","link":"https:\/\/pasaenmendoza.com\/?p=11492","title":{"rendered":"Aumento de la tarifa el\u00e9ctrica en Mendoza: sube un 3% desde febrero"},"content":{"rendered":"\n<p><strong>Desde febrero, las tarifas el\u00e9ctricas en Mendoza registran un nuevo aumento, con un ajuste promedio del 3%<\/strong>. Este incremento, aplicado a los consumos desde el inicio del mes, responde a la actualizaci\u00f3n de precios dispuesta por la&nbsp;<strong>Secretar\u00eda de Energ\u00eda de la Naci\u00f3n<\/strong>, la reducci\u00f3n gradual de subsidios y la revisi\u00f3n trimestral del&nbsp;<strong>Valor Agregado de Distribuci\u00f3n (VAD)<\/strong>, seg\u00fan inform\u00f3 el&nbsp;<strong>Ente Provincial Regulador El\u00e9ctrico (EPRE).<\/strong><\/p>\n\n\n\n<p>La medida responde a\u00a0<strong>los nuevos precios estacionales establecidos por la Secretar\u00eda de Energ\u00eda de la Naci\u00f3n<\/strong>, la\u00a0<strong>reducci\u00f3n gradual de subsidios nacionales<\/strong>\u00a0y la\u00a0<strong>actualizaci\u00f3n trimestral del Valor Agregado de Distribuci\u00f3n (VAD)<\/strong>. La Secretar\u00eda de Energ\u00eda fij\u00f3 los precios trimestrales para el per\u00edodo del\u00a0<strong>1 de febrero al 30 de abril de 2025<\/strong>\u00a0mediante las\u00a0<strong>Resoluciones 26\/2025 y 36\/2025<\/strong>.\u00a0<\/p>\n\n\n\n<p>En cuanto a la&nbsp;<strong>reducci\u00f3n de subsidios<\/strong>, la&nbsp;<strong>Resoluci\u00f3n 36\/2025 de la Secretar\u00eda de Energ\u00eda<\/strong>&nbsp;establece una disminuci\u00f3n gradual del&nbsp;<strong>1% mensual a partir de febrero<\/strong>&nbsp;para los usuarios clasificados en los&nbsp;<strong>Niveles 2 y 3<\/strong>.<\/p>\n\n\n\n<ul>\n<li><strong>Usuarios de Nivel 2<\/strong>: mantienen un&nbsp;<strong>tope de consumo subsidiado de hasta 700 kWh bimestrales (350 kWh mensuales)<\/strong>.<\/li>\n\n\n\n<li><strong>Usuarios de Nivel 3<\/strong>: el l\u00edmite es de&nbsp;<strong>500 kWh bimestrales (250 kWh mensuales)<\/strong>.<\/li>\n\n\n\n<li><strong>Consumo excedente<\/strong>: se facturar\u00e1 al&nbsp;<strong>precio correspondiente al Nivel 1<\/strong>.<\/li>\n<\/ul>\n\n\n\n<p>La\u00a0<strong>actualizaci\u00f3n del VAD<\/strong>, componente de la tarifa el\u00e9ctrica bajo jurisdicci\u00f3n provincial, se realiza de acuerdo con el\u00a0<strong>Decreto 1680\/2024<\/strong>. Esta adecuaci\u00f3n refleja\u00a0<strong>las variaciones econ\u00f3micas en las estructuras de costos de las distribuidoras<\/strong>\u00a0y busca\u00a0<strong>acompa\u00f1ar la fluctuaci\u00f3n de precios en la econom\u00eda<\/strong>, influenciada por la inflaci\u00f3n.\u00a0<\/p>\n\n\n\n<h3 class=\"wp-block-heading\"><strong>Impacto en la tarifa para usuarios residenciales<\/strong><\/h3>\n\n\n\n<p>El&nbsp;<strong>impacto promedio en la tarifa<\/strong>&nbsp;para el usuario final, incluyendo el&nbsp;<strong>costo de abastecimiento y el VAD con impuestos<\/strong>, es del&nbsp;<strong>orden del 3% en febrero<\/strong>, variando seg\u00fan el consumo y la categor\u00eda tarifaria del usuario.<\/p>\n\n\n\n<ul>\n<li><strong>Residenciales T1R1<\/strong>&nbsp;(hasta&nbsp;<strong>299 kWh bimestrales<\/strong>): aproximadamente&nbsp;<strong>$1.200 mensuales<\/strong>.<\/li>\n\n\n\n<li><strong>Residenciales T1R2<\/strong>&nbsp;(de&nbsp;<strong>300 a 599 kWh bimestrales<\/strong>): aproximadamente&nbsp;<strong>$2.600 mensuales<\/strong>.<\/li>\n\n\n\n<li><strong>Residenciales T1R3<\/strong>&nbsp;(m\u00e1s de&nbsp;<strong>600 kWh bimestrales<\/strong>): aproximadamente&nbsp;<strong>$8.100 mensuales<\/strong>.<\/li>\n<\/ul>\n\n\n\n<h3 class=\"wp-block-heading\"><strong>C\u00f3mo acceder a los subsidios<\/strong><\/h3>\n\n\n\n<p>Los interesados en acceder a los&nbsp;<strong>subsidios<\/strong>&nbsp;pueden completar el formulario disponible en el sitio web oficial del gobierno argentino:<\/p>\n\n\n\n<ul>\n<li><strong>www.argentina.gob.ar\/subsidios<\/strong><\/li>\n\n\n\n<li><strong>EPRE Mendoza &#8211; Segmentaci\u00f3n Tarifaria<\/strong><\/li>\n<\/ul>\n\n\n\n<p><strong>Fuente: www.diariomendoza.com.ar<\/strong><\/p>\n","protected":false},"excerpt":{"rendered":"<p>Desde febrero, las tarifas el\u00e9ctricas en Mendoza registran un nuevo aumento, con un ajuste promedio del 3%. Este incremento, aplicado a los consumos desde el inicio del mes, responde a la actualizaci\u00f3n de precios dispuesta por la&nbsp;Secretar\u00eda de Energ\u00eda de la Naci\u00f3n, la reducci\u00f3n gradual de subsidios y la revisi\u00f3n trimestral del&nbsp;Valor Agregado de Distribuci\u00f3n [&hellip;]<\/p>\n","protected":false},"author":2,"featured_media":11493,"comment_status":"open","ping_status":"open","sticky":false,"template":"","format":"standard","meta":[],"categories":[79],"tags":[],"_links":{"self":[{"href":"https:\/\/pasaenmendoza.com\/index.php?rest_route=\/wp\/v2\/posts\/11492"}],"collection":[{"href":"https:\/\/pasaenmendoza.com\/index.php?rest_route=\/wp\/v2\/posts"}],"about":[{"href":"https:\/\/pasaenmendoza.com\/index.php?rest_route=\/wp\/v2\/types\/post"}],"author":[{"embeddable":true,"href":"https:\/\/pasaenmendoza.com\/index.php?rest_route=\/wp\/v2\/users\/2"}],"replies":[{"embeddable":true,"href":"https:\/\/pasaenmendoza.com\/index.php?rest_route=%2Fwp%2Fv2%2Fcomments&post=11492"}],"version-history":[{"count":1,"href":"https:\/\/pasaenmendoza.com\/index.php?rest_route=\/wp\/v2\/posts\/11492\/revisions"}],"predecessor-version":[{"id":11494,"href":"https:\/\/pasaenmendoza.com\/index.php?rest_route=\/wp\/v2\/posts\/11492\/revisions\/11494"}],"wp:featuredmedia":[{"embeddable":true,"href":"https:\/\/pasaenmendoza.com\/index.php?rest_route=\/wp\/v2\/media\/11493"}],"wp:attachment":[{"href":"https:\/\/pasaenmendoza.com\/index.php?rest_route=%2Fwp%2Fv2%2Fmedia&parent=11492"}],"wp:term":[{"taxonomy":"category","embeddable":true,"href":"https:\/\/pasaenmendoza.com\/index.php?rest_route=%2Fwp%2Fv2%2Fcategories&post=11492"},{"taxonomy":"post_tag","embeddable":true,"href":"https:\/\/pasaenmendoza.com\/index.php?rest_route=%2Fwp%2Fv2%2Ftags&post=11492"}],"curies":[{"name":"wp","href":"https:\/\/api.w.org\/{rel}","templated":true}]}}